{"id":52181,"date":"2024-12-17T12:00:35","date_gmt":"2024-12-17T15:00:35","guid":{"rendered":"https:\/\/eramine.eramet.ovh\/?p=52181"},"modified":"2025-01-31T12:43:36","modified_gmt":"2025-01-31T15:43:36","slug":"trabajamos-junto-a-las-autoridades-para-fortalecer-las-condiciones-laborales-de-nuestras-actividades","status":"publish","type":"post","link":"https:\/\/eramine.eramet.com\/es\/media-es\/trabajamos-junto-a-las-autoridades-para-fortalecer-las-condiciones-laborales-de-nuestras-actividades\/","title":{"rendered":"Trabajamos junto a las autoridades para fortalecer las condiciones laborales de nuestras actividades"},"content":{"rendered":"<div class=\"fusion-fullwidth fullwidth-box fusion-builder-row-1 fusion-flex-container nonhundred-percent-fullwidth non-hundred-percent-height-scrolling\" style=\"--awb-border-radius-top-left:0px;--awb-border-radius-top-right:0px;--awb-border-radius-bottom-right:0px;--awb-border-radius-bottom-left:0px;--awb-flex-wrap:wrap;\" ><div class=\"fusion-builder-row fusion-row fusion-flex-align-items-flex-start fusion-flex-justify-content-center fusion-flex-content-wrap\" style=\"max-width:1468.8px;margin-left: calc(-2% \/ 2 );margin-right: calc(-2% \/ 2 );\"><div class=\"fusion-layout-column fusion_builder_column fusion-builder-column-0 fusion_builder_column_2_3 2_3 fusion-flex-column\" style=\"--awb-bg-size:cover;--awb-width-large:66.666666666667%;--awb-margin-top-large:0px;--awb-spacing-right-large:1.47%;--awb-margin-bottom-large:0px;--awb-spacing-left-large:1.47%;--awb-width-medium:66.666666666667%;--awb-spacing-right-medium:1.47%;--awb-spacing-left-medium:1.47%;--awb-width-small:100%;--awb-spacing-right-small:0.98%;--awb-spacing-left-small:0.98%;\"><div class=\"fusion-column-wrapper fusion-flex-justify-content-flex-start fusion-content-layout-column\"><div class=\"fusion-text fusion-text-1\"><div class=\"post-content\">\n<p class=\"xmsonormal\">Mantuvimos una importante reuni\u00f3n entre autoridades de Eramine y autoridades de organismos del Gobierno de la Provincia de Salta, entre ellas: la Secretar\u00eda de Trabajo, dependiente del Ministerio de Gobierno, Derechos Humanos y Trabajo; la Secretar\u00eda de Miner\u00eda y Energ\u00eda, dependiente del Ministerio de Producci\u00f3n y Desarrollo Sustentable; la Direcci\u00f3n General de Coordinaci\u00f3n Epidemiol\u00f3gica, dependiente del Ministerio de Salud P\u00fablica, habiendo participado asimismo de la reuni\u00f3n el Directorio M\u00e9dico de LABTEC, servicio de medicina laboral.<\/p>\n<p class=\"xmsonormal\">El encuentro tuvo como principal objetivo actualizar la informaci\u00f3n brindada oportunamente respecto a los casos detectados de gastroenteritis en nuestro campamento minero, de manera transparente. Durante la reuni\u00f3n, se compartieron en detalle las medidas implementadas, se explic\u00f3 el protocolo sanitario activado para contener la situaci\u00f3n y las medidas preventivas adoptadas para evitar futuros incidentes. \u00a0Asimismo, se delinearon en conjunto con las entidades presentes, las capacitaciones que se brindar\u00e1n a los equipos para reforzar los est\u00e1ndares de seguridad y salud en el lugar de trabajo.<\/p>\n<p class=\"xmsonormal\">Agradecemos la predisposici\u00f3n y el apoyo de las autoridades presentes, confiando en que este trabajo articulado continuar\u00e1 fortaleciendo las condiciones laborales de nuestras actividades.<\/p>\n<\/div>\n<\/div><\/div><\/div><\/div><\/div>\n","protected":false},"excerpt":{"rendered":"","protected":false},"author":4,"featured_media":52179,"comment_status":"open","ping_status":"open","sticky":false,"template":"","format":"standard","meta":{"footnotes":""},"categories":[2],"tags":[],"class_list":["post-52181","post","type-post","status-publish","format-standard","has-post-thumbnail","hentry","category-media-es","nature-noticias"],"yoast_head":"<!-- This site is optimized with the Yoast SEO plugin v26.8 - https:\/\/yoast.com\/product\/yoast-seo-wordpress\/ -->\n<title>Trabajamos junto a las autoridades para fortalecer las condiciones laborales de nuestras actividades - Eramet Eramine<\/title>\n<meta name=\"robots\" content=\"index, follow, max-snippet:-1, max-image-preview:large, max-video-preview:-1\" \/>\n<link rel=\"canonical\" href=\"https:\/\/eramine.eramet.com\/es\/media-es\/trabajamos-junto-a-las-autoridades-para-fortalecer-las-condiciones-laborales-de-nuestras-actividades\/\" \/>\n<meta property=\"og:locale\" content=\"es_ES\" \/>\n<meta property=\"og:type\" content=\"article\" \/>\n<meta property=\"og:title\" content=\"Trabajamos junto a las autoridades para fortalecer las condiciones laborales de nuestras actividades - Eramet Eramine\" \/>\n<meta property=\"og:url\" content=\"https:\/\/eramine.eramet.com\/es\/media-es\/trabajamos-junto-a-las-autoridades-para-fortalecer-las-condiciones-laborales-de-nuestras-actividades\/\" \/>\n<meta property=\"og:site_name\" content=\"Eramet Eramine\" \/>\n<meta property=\"article:published_time\" content=\"2024-12-17T15:00:35+00:00\" \/>\n<meta property=\"article:modified_time\" content=\"2025-01-31T15:43:36+00:00\" \/>\n<meta property=\"og:image\" content=\"https:\/\/eramine.eramet.com\/wp-content\/uploads\/sites\/23\/2025\/01\/2025-12-17-Eramine-Working-with-authorities-to-improve-our-labor-conditions.jpg\" \/>\n\t<meta property=\"og:image:width\" content=\"1200\" \/>\n\t<meta property=\"og:image:height\" content=\"675\" \/>\n\t<meta property=\"og:image:type\" content=\"image\/jpeg\" \/>\n<meta name=\"author\" content=\"Webmaster Eramet\" \/>\n<meta name=\"twitter:card\" content=\"summary_large_image\" \/>\n<meta name=\"twitter:label1\" content=\"Escrito por\" \/>\n\t<meta name=\"twitter:data1\" content=\"Webmaster Eramet\" \/>\n\t<meta name=\"twitter:label2\" content=\"Tiempo de lectura\" \/>\n\t<meta name=\"twitter:data2\" content=\"1 minuto\" \/>\n<script type=\"application\/ld+json\" class=\"yoast-schema-graph\">{\"@context\":\"https:\/\/schema.org\",\"@graph\":[{\"@type\":\"Article\",\"@id\":\"https:\/\/eramine.eramet.com\/es\/media-es\/trabajamos-junto-a-las-autoridades-para-fortalecer-las-condiciones-laborales-de-nuestras-actividades\/#article\",\"isPartOf\":{\"@id\":\"https:\/\/eramine.eramet.com\/es\/media-es\/trabajamos-junto-a-las-autoridades-para-fortalecer-las-condiciones-laborales-de-nuestras-actividades\/\"},\"author\":{\"name\":\"Webmaster Eramet\",\"@id\":\"https:\/\/eramine.eramet.com\/es\/#\/schema\/person\/22362891f603aee5700eb295a758390c\"},\"headline\":\"Trabajamos junto a las autoridades para fortalecer las condiciones laborales de nuestras actividades\",\"datePublished\":\"2024-12-17T15:00:35+00:00\",\"dateModified\":\"2025-01-31T15:43:36+00:00\",\"mainEntityOfPage\":{\"@id\":\"https:\/\/eramine.eramet.com\/es\/media-es\/trabajamos-junto-a-las-autoridades-para-fortalecer-las-condiciones-laborales-de-nuestras-actividades\/\"},\"wordCount\":326,\"commentCount\":0,\"image\":{\"@id\":\"https:\/\/eramine.eramet.com\/es\/media-es\/trabajamos-junto-a-las-autoridades-para-fortalecer-las-condiciones-laborales-de-nuestras-actividades\/#primaryimage\"},\"thumbnailUrl\":\"https:\/\/eramine.eramet.com\/wp-content\/uploads\/sites\/23\/2025\/01\/2025-12-17-Eramine-Working-with-authorities-to-improve-our-labor-conditions.jpg\",\"articleSection\":[\"Media\"],\"inLanguage\":\"es\",\"potentialAction\":[{\"@type\":\"CommentAction\",\"name\":\"Comment\",\"target\":[\"https:\/\/eramine.eramet.com\/es\/media-es\/trabajamos-junto-a-las-autoridades-para-fortalecer-las-condiciones-laborales-de-nuestras-actividades\/#respond\"]}]},{\"@type\":\"WebPage\",\"@id\":\"https:\/\/eramine.eramet.com\/es\/media-es\/trabajamos-junto-a-las-autoridades-para-fortalecer-las-condiciones-laborales-de-nuestras-actividades\/\",\"url\":\"https:\/\/eramine.eramet.com\/es\/media-es\/trabajamos-junto-a-las-autoridades-para-fortalecer-las-condiciones-laborales-de-nuestras-actividades\/\",\"name\":\"Trabajamos junto a las autoridades para fortalecer las condiciones laborales de nuestras actividades - Eramet Eramine\",\"isPartOf\":{\"@id\":\"https:\/\/eramine.eramet.com\/es\/#website\"},\"primaryImageOfPage\":{\"@id\":\"https:\/\/eramine.eramet.com\/es\/media-es\/trabajamos-junto-a-las-autoridades-para-fortalecer-las-condiciones-laborales-de-nuestras-actividades\/#primaryimage\"},\"image\":{\"@id\":\"https:\/\/eramine.eramet.com\/es\/media-es\/trabajamos-junto-a-las-autoridades-para-fortalecer-las-condiciones-laborales-de-nuestras-actividades\/#primaryimage\"},\"thumbnailUrl\":\"https:\/\/eramine.eramet.com\/wp-content\/uploads\/sites\/23\/2025\/01\/2025-12-17-Eramine-Working-with-authorities-to-improve-our-labor-conditions.jpg\",\"datePublished\":\"2024-12-17T15:00:35+00:00\",\"dateModified\":\"2025-01-31T15:43:36+00:00\",\"author\":{\"@id\":\"https:\/\/eramine.eramet.com\/es\/#\/schema\/person\/22362891f603aee5700eb295a758390c\"},\"breadcrumb\":{\"@id\":\"https:\/\/eramine.eramet.com\/es\/media-es\/trabajamos-junto-a-las-autoridades-para-fortalecer-las-condiciones-laborales-de-nuestras-actividades\/#breadcrumb\"},\"inLanguage\":\"es\",\"potentialAction\":[{\"@type\":\"ReadAction\",\"target\":[\"https:\/\/eramine.eramet.com\/es\/media-es\/trabajamos-junto-a-las-autoridades-para-fortalecer-las-condiciones-laborales-de-nuestras-actividades\/\"]}]},{\"@type\":\"ImageObject\",\"inLanguage\":\"es\",\"@id\":\"https:\/\/eramine.eramet.com\/es\/media-es\/trabajamos-junto-a-las-autoridades-para-fortalecer-las-condiciones-laborales-de-nuestras-actividades\/#primaryimage\",\"url\":\"https:\/\/eramine.eramet.com\/wp-content\/uploads\/sites\/23\/2025\/01\/2025-12-17-Eramine-Working-with-authorities-to-improve-our-labor-conditions.jpg\",\"contentUrl\":\"https:\/\/eramine.eramet.com\/wp-content\/uploads\/sites\/23\/2025\/01\/2025-12-17-Eramine-Working-with-authorities-to-improve-our-labor-conditions.jpg\",\"width\":1200,\"height\":675,\"caption\":\"2025-12-17-Eramine-Trabajamos junto a las autoridades para fortalecer las condiciones laborales de nuestras actividades\"},{\"@type\":\"BreadcrumbList\",\"@id\":\"https:\/\/eramine.eramet.com\/es\/media-es\/trabajamos-junto-a-las-autoridades-para-fortalecer-las-condiciones-laborales-de-nuestras-actividades\/#breadcrumb\",\"itemListElement\":[{\"@type\":\"ListItem\",\"position\":1,\"name\":\"Home\",\"item\":\"https:\/\/eramine.eramet.com\/es\/\"},{\"@type\":\"ListItem\",\"position\":2,\"name\":\"Trabajamos junto a las autoridades para fortalecer las condiciones laborales de nuestras actividades\"}]},{\"@type\":\"WebSite\",\"@id\":\"https:\/\/eramine.eramet.com\/es\/#website\",\"url\":\"https:\/\/eramine.eramet.com\/es\/\",\"name\":\"Eramet Eramine\",\"description\":\"\",\"potentialAction\":[{\"@type\":\"SearchAction\",\"target\":{\"@type\":\"EntryPoint\",\"urlTemplate\":\"https:\/\/eramine.eramet.com\/es\/?s={search_term_string}\"},\"query-input\":{\"@type\":\"PropertyValueSpecification\",\"valueRequired\":true,\"valueName\":\"search_term_string\"}}],\"inLanguage\":\"es\"},{\"@type\":\"Person\",\"@id\":\"https:\/\/eramine.eramet.com\/es\/#\/schema\/person\/22362891f603aee5700eb295a758390c\",\"name\":\"Webmaster Eramet\",\"image\":{\"@type\":\"ImageObject\",\"inLanguage\":\"es\",\"@id\":\"https:\/\/eramine.eramet.com\/es\/#\/schema\/person\/image\/\",\"url\":\"https:\/\/secure.gravatar.com\/avatar\/11c9a87d42fae672200b0767deab3c0d?s=96&d=mm&r=g\",\"contentUrl\":\"https:\/\/secure.gravatar.com\/avatar\/11c9a87d42fae672200b0767deab3c0d?s=96&d=mm&r=g\",\"caption\":\"Webmaster Eramet\"},\"sameAs\":[\"http:\/\/eramet.com\"],\"url\":\"https:\/\/eramine.eramet.com\/es\/author\/eramet\/\"}]}<\/script>\n<!-- \/ Yoast SEO plugin. -->","yoast_head_json":{"title":"Trabajamos junto a las autoridades para fortalecer las condiciones laborales de nuestras actividades - Eramet Eramine","robots":{"index":"index","follow":"follow","max-snippet":"max-snippet:-1","max-image-preview":"max-image-preview:large","max-video-preview":"max-video-preview:-1"},"canonical":"https:\/\/eramine.eramet.com\/es\/media-es\/trabajamos-junto-a-las-autoridades-para-fortalecer-las-condiciones-laborales-de-nuestras-actividades\/","og_locale":"es_ES","og_type":"article","og_title":"Trabajamos junto a las autoridades para fortalecer las condiciones laborales de nuestras actividades - Eramet Eramine","og_url":"https:\/\/eramine.eramet.com\/es\/media-es\/trabajamos-junto-a-las-autoridades-para-fortalecer-las-condiciones-laborales-de-nuestras-actividades\/","og_site_name":"Eramet Eramine","article_published_time":"2024-12-17T15:00:35+00:00","article_modified_time":"2025-01-31T15:43:36+00:00","og_image":[{"width":1200,"height":675,"url":"https:\/\/eramine.eramet.com\/wp-content\/uploads\/sites\/23\/2025\/01\/2025-12-17-Eramine-Working-with-authorities-to-improve-our-labor-conditions.jpg","type":"image\/jpeg"}],"author":"Webmaster Eramet","twitter_card":"summary_large_image","twitter_misc":{"Escrito por":"Webmaster Eramet","Tiempo de lectura":"1 minuto"},"schema":{"@context":"https:\/\/schema.org","@graph":[{"@type":"Article","@id":"https:\/\/eramine.eramet.com\/es\/media-es\/trabajamos-junto-a-las-autoridades-para-fortalecer-las-condiciones-laborales-de-nuestras-actividades\/#article","isPartOf":{"@id":"https:\/\/eramine.eramet.com\/es\/media-es\/trabajamos-junto-a-las-autoridades-para-fortalecer-las-condiciones-laborales-de-nuestras-actividades\/"},"author":{"name":"Webmaster Eramet","@id":"https:\/\/eramine.eramet.com\/es\/#\/schema\/person\/22362891f603aee5700eb295a758390c"},"headline":"Trabajamos junto a las autoridades para fortalecer las condiciones laborales de nuestras actividades","datePublished":"2024-12-17T15:00:35+00:00","dateModified":"2025-01-31T15:43:36+00:00","mainEntityOfPage":{"@id":"https:\/\/eramine.eramet.com\/es\/media-es\/trabajamos-junto-a-las-autoridades-para-fortalecer-las-condiciones-laborales-de-nuestras-actividades\/"},"wordCount":326,"commentCount":0,"image":{"@id":"https:\/\/eramine.eramet.com\/es\/media-es\/trabajamos-junto-a-las-autoridades-para-fortalecer-las-condiciones-laborales-de-nuestras-actividades\/#primaryimage"},"thumbnailUrl":"https:\/\/eramine.eramet.com\/wp-content\/uploads\/sites\/23\/2025\/01\/2025-12-17-Eramine-Working-with-authorities-to-improve-our-labor-conditions.jpg","articleSection":["Media"],"inLanguage":"es","potentialAction":[{"@type":"CommentAction","name":"Comment","target":["https:\/\/eramine.eramet.com\/es\/media-es\/trabajamos-junto-a-las-autoridades-para-fortalecer-las-condiciones-laborales-de-nuestras-actividades\/#respond"]}]},{"@type":"WebPage","@id":"https:\/\/eramine.eramet.com\/es\/media-es\/trabajamos-junto-a-las-autoridades-para-fortalecer-las-condiciones-laborales-de-nuestras-actividades\/","url":"https:\/\/eramine.eramet.com\/es\/media-es\/trabajamos-junto-a-las-autoridades-para-fortalecer-las-condiciones-laborales-de-nuestras-actividades\/","name":"Trabajamos junto a las autoridades para fortalecer las condiciones laborales de nuestras actividades - Eramet Eramine","isPartOf":{"@id":"https:\/\/eramine.eramet.com\/es\/#website"},"primaryImageOfPage":{"@id":"https:\/\/eramine.eramet.com\/es\/media-es\/trabajamos-junto-a-las-autoridades-para-fortalecer-las-condiciones-laborales-de-nuestras-actividades\/#primaryimage"},"image":{"@id":"https:\/\/eramine.eramet.com\/es\/media-es\/trabajamos-junto-a-las-autoridades-para-fortalecer-las-condiciones-laborales-de-nuestras-actividades\/#primaryimage"},"thumbnailUrl":"https:\/\/eramine.eramet.com\/wp-content\/uploads\/sites\/23\/2025\/01\/2025-12-17-Eramine-Working-with-authorities-to-improve-our-labor-conditions.jpg","datePublished":"2024-12-17T15:00:35+00:00","dateModified":"2025-01-31T15:43:36+00:00","author":{"@id":"https:\/\/eramine.eramet.com\/es\/#\/schema\/person\/22362891f603aee5700eb295a758390c"},"breadcrumb":{"@id":"https:\/\/eramine.eramet.com\/es\/media-es\/trabajamos-junto-a-las-autoridades-para-fortalecer-las-condiciones-laborales-de-nuestras-actividades\/#breadcrumb"},"inLanguage":"es","potentialAction":[{"@type":"ReadAction","target":["https:\/\/eramine.eramet.com\/es\/media-es\/trabajamos-junto-a-las-autoridades-para-fortalecer-las-condiciones-laborales-de-nuestras-actividades\/"]}]},{"@type":"ImageObject","inLanguage":"es","@id":"https:\/\/eramine.eramet.com\/es\/media-es\/trabajamos-junto-a-las-autoridades-para-fortalecer-las-condiciones-laborales-de-nuestras-actividades\/#primaryimage","url":"https:\/\/eramine.eramet.com\/wp-content\/uploads\/sites\/23\/2025\/01\/2025-12-17-Eramine-Working-with-authorities-to-improve-our-labor-conditions.jpg","contentUrl":"https:\/\/eramine.eramet.com\/wp-content\/uploads\/sites\/23\/2025\/01\/2025-12-17-Eramine-Working-with-authorities-to-improve-our-labor-conditions.jpg","width":1200,"height":675,"caption":"2025-12-17-Eramine-Trabajamos junto a las autoridades para fortalecer las condiciones laborales de nuestras actividades"},{"@type":"BreadcrumbList","@id":"https:\/\/eramine.eramet.com\/es\/media-es\/trabajamos-junto-a-las-autoridades-para-fortalecer-las-condiciones-laborales-de-nuestras-actividades\/#breadcrumb","itemListElement":[{"@type":"ListItem","position":1,"name":"Home","item":"https:\/\/eramine.eramet.com\/es\/"},{"@type":"ListItem","position":2,"name":"Trabajamos junto a las autoridades para fortalecer las condiciones laborales de nuestras actividades"}]},{"@type":"WebSite","@id":"https:\/\/eramine.eramet.com\/es\/#website","url":"https:\/\/eramine.eramet.com\/es\/","name":"Eramet Eramine","description":"","potentialAction":[{"@type":"SearchAction","target":{"@type":"EntryPoint","urlTemplate":"https:\/\/eramine.eramet.com\/es\/?s={search_term_string}"},"query-input":{"@type":"PropertyValueSpecification","valueRequired":true,"valueName":"search_term_string"}}],"inLanguage":"es"},{"@type":"Person","@id":"https:\/\/eramine.eramet.com\/es\/#\/schema\/person\/22362891f603aee5700eb295a758390c","name":"Webmaster Eramet","image":{"@type":"ImageObject","inLanguage":"es","@id":"https:\/\/eramine.eramet.com\/es\/#\/schema\/person\/image\/","url":"https:\/\/secure.gravatar.com\/avatar\/11c9a87d42fae672200b0767deab3c0d?s=96&d=mm&r=g","contentUrl":"https:\/\/secure.gravatar.com\/avatar\/11c9a87d42fae672200b0767deab3c0d?s=96&d=mm&r=g","caption":"Webmaster Eramet"},"sameAs":["http:\/\/eramet.com"],"url":"https:\/\/eramine.eramet.com\/es\/author\/eramet\/"}]}},"acf":[],"_links":{"self":[{"href":"https:\/\/eramine.eramet.com\/es\/wp-json\/wp\/v2\/posts\/52181","targetHints":{"allow":["GET"]}}],"collection":[{"href":"https:\/\/eramine.eramet.com\/es\/wp-json\/wp\/v2\/posts"}],"about":[{"href":"https:\/\/eramine.eramet.com\/es\/wp-json\/wp\/v2\/types\/post"}],"author":[{"embeddable":true,"href":"https:\/\/eramine.eramet.com\/es\/wp-json\/wp\/v2\/users\/4"}],"replies":[{"embeddable":true,"href":"https:\/\/eramine.eramet.com\/es\/wp-json\/wp\/v2\/comments?post=52181"}],"version-history":[{"count":2,"href":"https:\/\/eramine.eramet.com\/es\/wp-json\/wp\/v2\/posts\/52181\/revisions"}],"predecessor-version":[{"id":52197,"href":"https:\/\/eramine.eramet.com\/es\/wp-json\/wp\/v2\/posts\/52181\/revisions\/52197"}],"wp:featuredmedia":[{"embeddable":true,"href":"https:\/\/eramine.eramet.com\/es\/wp-json\/wp\/v2\/media\/52179"}],"wp:attachment":[{"href":"https:\/\/eramine.eramet.com\/es\/wp-json\/wp\/v2\/media?parent=52181"}],"wp:term":[{"taxonomy":"category","embeddable":true,"href":"https:\/\/eramine.eramet.com\/es\/wp-json\/wp\/v2\/categories?post=52181"},{"taxonomy":"post_tag","embeddable":true,"href":"https:\/\/eramine.eramet.com\/es\/wp-json\/wp\/v2\/tags?post=52181"}],"curies":[{"name":"wp","href":"https:\/\/api.w.org\/{rel}","templated":true}]}}