{"id":52438,"date":"2025-02-26T18:00:41","date_gmt":"2025-02-26T21:00:41","guid":{"rendered":"https:\/\/eramine.eramet.ovh\/?p=52438"},"modified":"2025-03-12T13:34:31","modified_gmt":"2025-03-12T16:34:31","slug":"firmamos-el-convenio-colectivo-de-trabajo-con-aoma","status":"publish","type":"post","link":"https:\/\/eramine.eramet.com\/es\/media-es\/firmamos-el-convenio-colectivo-de-trabajo-con-aoma\/","title":{"rendered":"Firmamos el Convenio Colectivo de Trabajo con AOMA"},"content":{"rendered":"<div class=\"fusion-fullwidth fullwidth-box fusion-builder-row-1 fusion-flex-container nonhundred-percent-fullwidth non-hundred-percent-height-scrolling\" style=\"--awb-border-radius-top-left:0px;--awb-border-radius-top-right:0px;--awb-border-radius-bottom-right:0px;--awb-border-radius-bottom-left:0px;--awb-flex-wrap:wrap;\" ><div class=\"fusion-builder-row fusion-row fusion-flex-align-items-flex-start fusion-flex-justify-content-center fusion-flex-content-wrap\" style=\"max-width:1468.8px;margin-left: calc(-2% \/ 2 );margin-right: calc(-2% \/ 2 );\"><div class=\"fusion-layout-column fusion_builder_column fusion-builder-column-0 fusion_builder_column_2_3 2_3 fusion-flex-column\" style=\"--awb-bg-blend:overlay;--awb-bg-size:cover;--awb-width-large:66.666666666667%;--awb-margin-top-large:0px;--awb-spacing-right-large:1.47%;--awb-margin-bottom-large:20px;--awb-spacing-left-large:1.47%;--awb-width-medium:66.666666666667%;--awb-spacing-right-medium:1.47%;--awb-spacing-left-medium:1.47%;--awb-width-small:100%;--awb-spacing-right-small:0.98%;--awb-spacing-left-small:0.98%;\"><div class=\"fusion-column-wrapper fusion-flex-justify-content-flex-start fusion-content-layout-column\"><div class=\"fusion-text fusion-text-1\"><p>Luego de un extenso trabajo conjunto, en el d\u00eda de ayer firmamos el Convenio Colectivo de Trabajo con los representantes de la Asociaci\u00f3n Obrera Minera Argentina (AOMA), tanto de la Sede Central como de la Seccional de la provincia de Salta.<\/p>\n<p>El mismo est\u00e1 hecho a la medida de nuestra actividad de producci\u00f3n de litio, con el objetivo de establecer acuerdos concretos y adaptados a nuestra realidad laboral para facilitar la transici\u00f3n progresiva hacia valores salariales competitivos, dentro del mercado minero de la regi\u00f3n.<\/p>\n<p>La implementaci\u00f3n del presente convenio incluye la adhesi\u00f3n de AOMA a nuestra estricta Pol\u00edtica de Derechos y alienta al desarrollo de las personas, basado en el cumplimiento de sus responsabilidades, asignando posibilidades de reconocimiento al m\u00e9rito y pudiendo lograr avances en sus niveles actuales.<\/p>\n<h2>De la firma participaron:<\/h2>\n<p>Por parte de Eramine: la Directora de Recursos Humanos, D\u00e9bora Migoni, la Gerenta de Relaciones Laborales, Diana Rodr\u00edguez y el Dr. Javier Adrogue, en su car\u00e1cter de representante legal.<br \/>\nPor parte de AOMA: el Secretario General y el Secretario Administrativo de AOMA Central, H\u00e9ctor Laplace y Gustavo Molina, respectivamente y el Secretario General de AOMA Seccional Salta, Eduardo Ger\u00f3nimo.<\/p>\n<\/div><\/div><\/div><\/div><\/div>\n","protected":false},"excerpt":{"rendered":"","protected":false},"author":4,"featured_media":52435,"comment_status":"open","ping_status":"open","sticky":false,"template":"","format":"standard","meta":{"footnotes":""},"categories":[2],"tags":[76,102,107,108],"class_list":["post-52438","post","type-post","status-publish","format-standard","has-post-thumbnail","hentry","category-media-es","tag-compromisos","tag-desarrollo","tag-innovacion","tag-litio","nature-noticias"],"yoast_head":"<!-- This site is optimized with the Yoast SEO plugin v26.8 - https:\/\/yoast.com\/product\/yoast-seo-wordpress\/ -->\n<title>Firmamos el Convenio Colectivo de Trabajo con AOMA - Eramet Eramine<\/title>\n<meta name=\"robots\" content=\"index, follow, max-snippet:-1, max-image-preview:large, max-video-preview:-1\" \/>\n<link rel=\"canonical\" href=\"https:\/\/eramine.eramet.com\/es\/media-es\/firmamos-el-convenio-colectivo-de-trabajo-con-aoma\/\" \/>\n<meta property=\"og:locale\" content=\"es_ES\" \/>\n<meta property=\"og:type\" content=\"article\" \/>\n<meta property=\"og:title\" content=\"Firmamos el Convenio Colectivo de Trabajo con AOMA - Eramet Eramine\" \/>\n<meta property=\"og:url\" content=\"https:\/\/eramine.eramet.com\/es\/media-es\/firmamos-el-convenio-colectivo-de-trabajo-con-aoma\/\" \/>\n<meta property=\"og:site_name\" content=\"Eramet Eramine\" \/>\n<meta property=\"article:published_time\" content=\"2025-02-26T21:00:41+00:00\" \/>\n<meta property=\"article:modified_time\" content=\"2025-03-12T16:34:31+00:00\" \/>\n<meta property=\"og:image\" content=\"https:\/\/eramine.eramet.com\/wp-content\/uploads\/sites\/23\/2025\/03\/2025-02-26-Eramine-Collective-Labour-Agreement.jpg\" \/>\n\t<meta property=\"og:image:width\" content=\"1280\" \/>\n\t<meta property=\"og:image:height\" content=\"720\" \/>\n\t<meta property=\"og:image:type\" content=\"image\/jpeg\" \/>\n<meta name=\"author\" content=\"Webmaster Eramet\" \/>\n<meta name=\"twitter:card\" content=\"summary_large_image\" \/>\n<meta name=\"twitter:label1\" content=\"Escrito por\" \/>\n\t<meta name=\"twitter:data1\" content=\"Webmaster Eramet\" \/>\n\t<meta name=\"twitter:label2\" content=\"Tiempo de lectura\" \/>\n\t<meta name=\"twitter:data2\" content=\"1 minuto\" \/>\n<script type=\"application\/ld+json\" class=\"yoast-schema-graph\">{\"@context\":\"https:\/\/schema.org\",\"@graph\":[{\"@type\":\"Article\",\"@id\":\"https:\/\/eramine.eramet.com\/es\/media-es\/firmamos-el-convenio-colectivo-de-trabajo-con-aoma\/#article\",\"isPartOf\":{\"@id\":\"https:\/\/eramine.eramet.com\/es\/media-es\/firmamos-el-convenio-colectivo-de-trabajo-con-aoma\/\"},\"author\":{\"name\":\"Webmaster Eramet\",\"@id\":\"https:\/\/eramine.eramet.com\/es\/#\/schema\/person\/22362891f603aee5700eb295a758390c\"},\"headline\":\"Firmamos el Convenio Colectivo de Trabajo con AOMA\",\"datePublished\":\"2025-02-26T21:00:41+00:00\",\"dateModified\":\"2025-03-12T16:34:31+00:00\",\"mainEntityOfPage\":{\"@id\":\"https:\/\/eramine.eramet.com\/es\/media-es\/firmamos-el-convenio-colectivo-de-trabajo-con-aoma\/\"},\"wordCount\":329,\"commentCount\":0,\"image\":{\"@id\":\"https:\/\/eramine.eramet.com\/es\/media-es\/firmamos-el-convenio-colectivo-de-trabajo-con-aoma\/#primaryimage\"},\"thumbnailUrl\":\"https:\/\/eramine.eramet.com\/wp-content\/uploads\/sites\/23\/2025\/03\/2025-02-26-Eramine-Collective-Labour-Agreement.jpg\",\"keywords\":[\"Compromisos\",\"Desarrollo\",\"Innovaci\u00f3n\",\"Litio\"],\"articleSection\":[\"Media\"],\"inLanguage\":\"es\",\"potentialAction\":[{\"@type\":\"CommentAction\",\"name\":\"Comment\",\"target\":[\"https:\/\/eramine.eramet.com\/es\/media-es\/firmamos-el-convenio-colectivo-de-trabajo-con-aoma\/#respond\"]}]},{\"@type\":\"WebPage\",\"@id\":\"https:\/\/eramine.eramet.com\/es\/media-es\/firmamos-el-convenio-colectivo-de-trabajo-con-aoma\/\",\"url\":\"https:\/\/eramine.eramet.com\/es\/media-es\/firmamos-el-convenio-colectivo-de-trabajo-con-aoma\/\",\"name\":\"Firmamos el Convenio Colectivo de Trabajo con AOMA - Eramet Eramine\",\"isPartOf\":{\"@id\":\"https:\/\/eramine.eramet.com\/es\/#website\"},\"primaryImageOfPage\":{\"@id\":\"https:\/\/eramine.eramet.com\/es\/media-es\/firmamos-el-convenio-colectivo-de-trabajo-con-aoma\/#primaryimage\"},\"image\":{\"@id\":\"https:\/\/eramine.eramet.com\/es\/media-es\/firmamos-el-convenio-colectivo-de-trabajo-con-aoma\/#primaryimage\"},\"thumbnailUrl\":\"https:\/\/eramine.eramet.com\/wp-content\/uploads\/sites\/23\/2025\/03\/2025-02-26-Eramine-Collective-Labour-Agreement.jpg\",\"datePublished\":\"2025-02-26T21:00:41+00:00\",\"dateModified\":\"2025-03-12T16:34:31+00:00\",\"author\":{\"@id\":\"https:\/\/eramine.eramet.com\/es\/#\/schema\/person\/22362891f603aee5700eb295a758390c\"},\"breadcrumb\":{\"@id\":\"https:\/\/eramine.eramet.com\/es\/media-es\/firmamos-el-convenio-colectivo-de-trabajo-con-aoma\/#breadcrumb\"},\"inLanguage\":\"es\",\"potentialAction\":[{\"@type\":\"ReadAction\",\"target\":[\"https:\/\/eramine.eramet.com\/es\/media-es\/firmamos-el-convenio-colectivo-de-trabajo-con-aoma\/\"]}]},{\"@type\":\"ImageObject\",\"inLanguage\":\"es\",\"@id\":\"https:\/\/eramine.eramet.com\/es\/media-es\/firmamos-el-convenio-colectivo-de-trabajo-con-aoma\/#primaryimage\",\"url\":\"https:\/\/eramine.eramet.com\/wp-content\/uploads\/sites\/23\/2025\/03\/2025-02-26-Eramine-Collective-Labour-Agreement.jpg\",\"contentUrl\":\"https:\/\/eramine.eramet.com\/wp-content\/uploads\/sites\/23\/2025\/03\/2025-02-26-Eramine-Collective-Labour-Agreement.jpg\",\"width\":1280,\"height\":720},{\"@type\":\"BreadcrumbList\",\"@id\":\"https:\/\/eramine.eramet.com\/es\/media-es\/firmamos-el-convenio-colectivo-de-trabajo-con-aoma\/#breadcrumb\",\"itemListElement\":[{\"@type\":\"ListItem\",\"position\":1,\"name\":\"Home\",\"item\":\"https:\/\/eramine.eramet.com\/es\/\"},{\"@type\":\"ListItem\",\"position\":2,\"name\":\"Firmamos el Convenio Colectivo de Trabajo con AOMA\"}]},{\"@type\":\"WebSite\",\"@id\":\"https:\/\/eramine.eramet.com\/es\/#website\",\"url\":\"https:\/\/eramine.eramet.com\/es\/\",\"name\":\"Eramet Eramine\",\"description\":\"\",\"potentialAction\":[{\"@type\":\"SearchAction\",\"target\":{\"@type\":\"EntryPoint\",\"urlTemplate\":\"https:\/\/eramine.eramet.com\/es\/?s={search_term_string}\"},\"query-input\":{\"@type\":\"PropertyValueSpecification\",\"valueRequired\":true,\"valueName\":\"search_term_string\"}}],\"inLanguage\":\"es\"},{\"@type\":\"Person\",\"@id\":\"https:\/\/eramine.eramet.com\/es\/#\/schema\/person\/22362891f603aee5700eb295a758390c\",\"name\":\"Webmaster Eramet\",\"image\":{\"@type\":\"ImageObject\",\"inLanguage\":\"es\",\"@id\":\"https:\/\/eramine.eramet.com\/es\/#\/schema\/person\/image\/\",\"url\":\"https:\/\/secure.gravatar.com\/avatar\/11c9a87d42fae672200b0767deab3c0d?s=96&d=mm&r=g\",\"contentUrl\":\"https:\/\/secure.gravatar.com\/avatar\/11c9a87d42fae672200b0767deab3c0d?s=96&d=mm&r=g\",\"caption\":\"Webmaster Eramet\"},\"sameAs\":[\"http:\/\/eramet.com\"],\"url\":\"https:\/\/eramine.eramet.com\/es\/author\/eramet\/\"}]}<\/script>\n<!-- \/ Yoast SEO plugin. -->","yoast_head_json":{"title":"Firmamos el Convenio Colectivo de Trabajo con AOMA - Eramet Eramine","robots":{"index":"index","follow":"follow","max-snippet":"max-snippet:-1","max-image-preview":"max-image-preview:large","max-video-preview":"max-video-preview:-1"},"canonical":"https:\/\/eramine.eramet.com\/es\/media-es\/firmamos-el-convenio-colectivo-de-trabajo-con-aoma\/","og_locale":"es_ES","og_type":"article","og_title":"Firmamos el Convenio Colectivo de Trabajo con AOMA - Eramet Eramine","og_url":"https:\/\/eramine.eramet.com\/es\/media-es\/firmamos-el-convenio-colectivo-de-trabajo-con-aoma\/","og_site_name":"Eramet Eramine","article_published_time":"2025-02-26T21:00:41+00:00","article_modified_time":"2025-03-12T16:34:31+00:00","og_image":[{"width":1280,"height":720,"url":"https:\/\/eramine.eramet.com\/wp-content\/uploads\/sites\/23\/2025\/03\/2025-02-26-Eramine-Collective-Labour-Agreement.jpg","type":"image\/jpeg"}],"author":"Webmaster Eramet","twitter_card":"summary_large_image","twitter_misc":{"Escrito por":"Webmaster Eramet","Tiempo de lectura":"1 minuto"},"schema":{"@context":"https:\/\/schema.org","@graph":[{"@type":"Article","@id":"https:\/\/eramine.eramet.com\/es\/media-es\/firmamos-el-convenio-colectivo-de-trabajo-con-aoma\/#article","isPartOf":{"@id":"https:\/\/eramine.eramet.com\/es\/media-es\/firmamos-el-convenio-colectivo-de-trabajo-con-aoma\/"},"author":{"name":"Webmaster Eramet","@id":"https:\/\/eramine.eramet.com\/es\/#\/schema\/person\/22362891f603aee5700eb295a758390c"},"headline":"Firmamos el Convenio Colectivo de Trabajo con AOMA","datePublished":"2025-02-26T21:00:41+00:00","dateModified":"2025-03-12T16:34:31+00:00","mainEntityOfPage":{"@id":"https:\/\/eramine.eramet.com\/es\/media-es\/firmamos-el-convenio-colectivo-de-trabajo-con-aoma\/"},"wordCount":329,"commentCount":0,"image":{"@id":"https:\/\/eramine.eramet.com\/es\/media-es\/firmamos-el-convenio-colectivo-de-trabajo-con-aoma\/#primaryimage"},"thumbnailUrl":"https:\/\/eramine.eramet.com\/wp-content\/uploads\/sites\/23\/2025\/03\/2025-02-26-Eramine-Collective-Labour-Agreement.jpg","keywords":["Compromisos","Desarrollo","Innovaci\u00f3n","Litio"],"articleSection":["Media"],"inLanguage":"es","potentialAction":[{"@type":"CommentAction","name":"Comment","target":["https:\/\/eramine.eramet.com\/es\/media-es\/firmamos-el-convenio-colectivo-de-trabajo-con-aoma\/#respond"]}]},{"@type":"WebPage","@id":"https:\/\/eramine.eramet.com\/es\/media-es\/firmamos-el-convenio-colectivo-de-trabajo-con-aoma\/","url":"https:\/\/eramine.eramet.com\/es\/media-es\/firmamos-el-convenio-colectivo-de-trabajo-con-aoma\/","name":"Firmamos el Convenio Colectivo de Trabajo con AOMA - Eramet Eramine","isPartOf":{"@id":"https:\/\/eramine.eramet.com\/es\/#website"},"primaryImageOfPage":{"@id":"https:\/\/eramine.eramet.com\/es\/media-es\/firmamos-el-convenio-colectivo-de-trabajo-con-aoma\/#primaryimage"},"image":{"@id":"https:\/\/eramine.eramet.com\/es\/media-es\/firmamos-el-convenio-colectivo-de-trabajo-con-aoma\/#primaryimage"},"thumbnailUrl":"https:\/\/eramine.eramet.com\/wp-content\/uploads\/sites\/23\/2025\/03\/2025-02-26-Eramine-Collective-Labour-Agreement.jpg","datePublished":"2025-02-26T21:00:41+00:00","dateModified":"2025-03-12T16:34:31+00:00","author":{"@id":"https:\/\/eramine.eramet.com\/es\/#\/schema\/person\/22362891f603aee5700eb295a758390c"},"breadcrumb":{"@id":"https:\/\/eramine.eramet.com\/es\/media-es\/firmamos-el-convenio-colectivo-de-trabajo-con-aoma\/#breadcrumb"},"inLanguage":"es","potentialAction":[{"@type":"ReadAction","target":["https:\/\/eramine.eramet.com\/es\/media-es\/firmamos-el-convenio-colectivo-de-trabajo-con-aoma\/"]}]},{"@type":"ImageObject","inLanguage":"es","@id":"https:\/\/eramine.eramet.com\/es\/media-es\/firmamos-el-convenio-colectivo-de-trabajo-con-aoma\/#primaryimage","url":"https:\/\/eramine.eramet.com\/wp-content\/uploads\/sites\/23\/2025\/03\/2025-02-26-Eramine-Collective-Labour-Agreement.jpg","contentUrl":"https:\/\/eramine.eramet.com\/wp-content\/uploads\/sites\/23\/2025\/03\/2025-02-26-Eramine-Collective-Labour-Agreement.jpg","width":1280,"height":720},{"@type":"BreadcrumbList","@id":"https:\/\/eramine.eramet.com\/es\/media-es\/firmamos-el-convenio-colectivo-de-trabajo-con-aoma\/#breadcrumb","itemListElement":[{"@type":"ListItem","position":1,"name":"Home","item":"https:\/\/eramine.eramet.com\/es\/"},{"@type":"ListItem","position":2,"name":"Firmamos el Convenio Colectivo de Trabajo con AOMA"}]},{"@type":"WebSite","@id":"https:\/\/eramine.eramet.com\/es\/#website","url":"https:\/\/eramine.eramet.com\/es\/","name":"Eramet Eramine","description":"","potentialAction":[{"@type":"SearchAction","target":{"@type":"EntryPoint","urlTemplate":"https:\/\/eramine.eramet.com\/es\/?s={search_term_string}"},"query-input":{"@type":"PropertyValueSpecification","valueRequired":true,"valueName":"search_term_string"}}],"inLanguage":"es"},{"@type":"Person","@id":"https:\/\/eramine.eramet.com\/es\/#\/schema\/person\/22362891f603aee5700eb295a758390c","name":"Webmaster Eramet","image":{"@type":"ImageObject","inLanguage":"es","@id":"https:\/\/eramine.eramet.com\/es\/#\/schema\/person\/image\/","url":"https:\/\/secure.gravatar.com\/avatar\/11c9a87d42fae672200b0767deab3c0d?s=96&d=mm&r=g","contentUrl":"https:\/\/secure.gravatar.com\/avatar\/11c9a87d42fae672200b0767deab3c0d?s=96&d=mm&r=g","caption":"Webmaster Eramet"},"sameAs":["http:\/\/eramet.com"],"url":"https:\/\/eramine.eramet.com\/es\/author\/eramet\/"}]}},"acf":[],"_links":{"self":[{"href":"https:\/\/eramine.eramet.com\/es\/wp-json\/wp\/v2\/posts\/52438","targetHints":{"allow":["GET"]}}],"collection":[{"href":"https:\/\/eramine.eramet.com\/es\/wp-json\/wp\/v2\/posts"}],"about":[{"href":"https:\/\/eramine.eramet.com\/es\/wp-json\/wp\/v2\/types\/post"}],"author":[{"embeddable":true,"href":"https:\/\/eramine.eramet.com\/es\/wp-json\/wp\/v2\/users\/4"}],"replies":[{"embeddable":true,"href":"https:\/\/eramine.eramet.com\/es\/wp-json\/wp\/v2\/comments?post=52438"}],"version-history":[{"count":1,"href":"https:\/\/eramine.eramet.com\/es\/wp-json\/wp\/v2\/posts\/52438\/revisions"}],"predecessor-version":[{"id":52439,"href":"https:\/\/eramine.eramet.com\/es\/wp-json\/wp\/v2\/posts\/52438\/revisions\/52439"}],"wp:featuredmedia":[{"embeddable":true,"href":"https:\/\/eramine.eramet.com\/es\/wp-json\/wp\/v2\/media\/52435"}],"wp:attachment":[{"href":"https:\/\/eramine.eramet.com\/es\/wp-json\/wp\/v2\/media?parent=52438"}],"wp:term":[{"taxonomy":"category","embeddable":true,"href":"https:\/\/eramine.eramet.com\/es\/wp-json\/wp\/v2\/categories?post=52438"},{"taxonomy":"post_tag","embeddable":true,"href":"https:\/\/eramine.eramet.com\/es\/wp-json\/wp\/v2\/tags?post=52438"}],"curies":[{"name":"wp","href":"https:\/\/api.w.org\/{rel}","templated":true}]}}