{"id":52954,"date":"2025-08-08T12:00:14","date_gmt":"2025-08-08T15:00:14","guid":{"rendered":"https:\/\/eramine.eramet.ovh\/?p=52954"},"modified":"2026-01-27T07:59:14","modified_gmt":"2026-01-27T10:59:14","slug":"en-la-semana-de-la-lactancia-materna-fuimos-reconocidos-por-el-gobierno-de-salta","status":"publish","type":"post","link":"https:\/\/eramine.eramet.com\/es\/media-es\/en-la-semana-de-la-lactancia-materna-fuimos-reconocidos-por-el-gobierno-de-salta\/","title":{"rendered":"En la Semana de la Lactancia Materna, fuimos reconocidos por el Gobierno de Salta"},"content":{"rendered":"<div class=\"fusion-fullwidth fullwidth-box fusion-builder-row-1 fusion-flex-container has-pattern-background has-mask-background nonhundred-percent-fullwidth non-hundred-percent-height-scrolling\" style=\"--awb-border-radius-top-left:0px;--awb-border-radius-top-right:0px;--awb-border-radius-bottom-right:0px;--awb-border-radius-bottom-left:0px;--awb-flex-wrap:wrap;\" ><div class=\"fusion-builder-row fusion-row fusion-flex-align-items-flex-start fusion-flex-justify-content-center fusion-flex-content-wrap\" style=\"max-width:1468.8px;margin-left: calc(-2% \/ 2 );margin-right: calc(-2% \/ 2 );\"><div class=\"fusion-layout-column fusion_builder_column fusion-builder-column-0 fusion_builder_column_2_3 2_3 fusion-flex-column\" style=\"--awb-bg-size:cover;--awb-width-large:66.666666666667%;--awb-margin-top-large:0px;--awb-spacing-right-large:1.47%;--awb-margin-bottom-large:0px;--awb-spacing-left-large:1.47%;--awb-width-medium:66.666666666667%;--awb-spacing-right-medium:1.47%;--awb-spacing-left-medium:1.47%;--awb-width-small:100%;--awb-spacing-right-small:0.98%;--awb-spacing-left-small:0.98%;\"><div class=\"fusion-column-wrapper fusion-flex-justify-content-flex-start fusion-content-layout-column\"><div class=\"fusion-text fusion-text-1\"><p>Durante el acto realizado en el Centro de Convenciones de Casa de Gobierno, recibimos la placa que nos certifica como \u201cEspacio Amigo de la Lactancia Materna\u201d, sum\u00e1ndonos a otras 14 instituciones p\u00fablicas y privadas de la provincia que promueven espacios adecuados para que las madres trabajadoras puedan sostener esta pr\u00e1ctica fundamental.<\/p>\n<p>Esta semana especial, declarada de inter\u00e9s provincial en Salta, tiene como lema \u201cComienzos saludables, futuros esperanzadores\u201d y busca concientizar sobre la importancia de promover y proteger la lactancia materna como base fundamental para la salud infantil y el desarrollo integral.<\/p>\n<p>La Organizaci\u00f3n Mundial de la Salud (OMS) destaca que la lactancia materna exclusiva durante los primeros seis meses de vida y complementaria hasta los dos a\u00f1os o m\u00e1s, aporta beneficios cruciales: fortalece el sistema inmunol\u00f3gico del beb\u00e9, reduce la incidencia de enfermedades, y promueve un mejor desarrollo cognitivo y emocional. Adem\u00e1s, favorece la salud materna, ayudando a reducir riesgos de ciertas enfermedades a largo plazo.<\/p>\n<p>En nuestra organizaci\u00f3n contamos con dos espacios especialmente acondicionados para las madres lactantes que, tras finalizar su licencia por maternidad extendida, retoman sus actividades laborales. Estos lugares, ubicados tanto en nuestras oficinas de Salta como en el Salar Ratones, fueron dise\u00f1ados para ofrecer privacidad e higiene durante la extracci\u00f3n de leche materna, as\u00ed como las condiciones adecuadas para su correcta conservaci\u00f3n.<\/p>\n<p>Sabemos que a\u00fan queda camino por recorrer, pero con pol\u00edticas como esta, en Eramine buscamos contribuir a reducir brechas y brindar un apoyo real a las mujeres lactantes de nuestro equipo, reconociendo su papel fundamental como pilares de la salud y el bienestar de sus familias.<\/p>\n<p>Este reconocimiento reafirma nuestro compromiso con la comunidad y nos impulsa a seguir trabajando por un entorno laboral inclusivo, saludable y responsable. Recibimos esta distinci\u00f3n con profundo agradecimiento.<\/p>\n<\/div><\/div><\/div><\/div><\/div>\n","protected":false},"excerpt":{"rendered":"","protected":false},"author":4,"featured_media":52955,"comment_status":"open","ping_status":"open","sticky":false,"template":"","format":"standard","meta":{"footnotes":""},"categories":[2],"tags":[76,92,79,111],"class_list":["post-52954","post","type-post","status-publish","format-standard","has-post-thumbnail","hentry","category-media-es","tag-compromisos","tag-comunidades","tag-diversidad-y-inclusion","tag-salud","nature-noticias"],"yoast_head":"<!-- This site is optimized with the Yoast SEO plugin v26.8 - https:\/\/yoast.com\/product\/yoast-seo-wordpress\/ -->\n<title>En la Semana de la Lactancia Materna, fuimos reconocidos por el Gobierno de Salta - Eramet Eramine<\/title>\n<meta name=\"robots\" content=\"index, follow, max-snippet:-1, max-image-preview:large, max-video-preview:-1\" \/>\n<link rel=\"canonical\" href=\"https:\/\/eramine.eramet.com\/es\/media-es\/en-la-semana-de-la-lactancia-materna-fuimos-reconocidos-por-el-gobierno-de-salta\/\" \/>\n<meta property=\"og:locale\" content=\"es_ES\" \/>\n<meta property=\"og:type\" content=\"article\" \/>\n<meta property=\"og:title\" content=\"En la Semana de la Lactancia Materna, fuimos reconocidos por el Gobierno de Salta - Eramet Eramine\" \/>\n<meta property=\"og:url\" content=\"https:\/\/eramine.eramet.com\/es\/media-es\/en-la-semana-de-la-lactancia-materna-fuimos-reconocidos-por-el-gobierno-de-salta\/\" \/>\n<meta property=\"og:site_name\" content=\"Eramet Eramine\" \/>\n<meta property=\"article:published_time\" content=\"2025-08-08T15:00:14+00:00\" \/>\n<meta property=\"article:modified_time\" content=\"2026-01-27T10:59:14+00:00\" \/>\n<meta property=\"og:image\" content=\"https:\/\/eramine.eramet.com\/wp-content\/uploads\/sites\/23\/2026\/01\/2025-08-08-Eramine-Recognized-by-the-Government-of-Salta-during-Breastfeeding-Week.jpg\" \/>\n\t<meta property=\"og:image:width\" content=\"1060\" \/>\n\t<meta property=\"og:image:height\" content=\"595\" \/>\n\t<meta property=\"og:image:type\" content=\"image\/jpeg\" \/>\n<meta name=\"author\" content=\"Webmaster Eramet\" \/>\n<meta name=\"twitter:card\" content=\"summary_large_image\" \/>\n<meta name=\"twitter:label1\" content=\"Escrito por\" \/>\n\t<meta name=\"twitter:data1\" content=\"Webmaster Eramet\" \/>\n\t<meta name=\"twitter:label2\" content=\"Tiempo de lectura\" \/>\n\t<meta name=\"twitter:data2\" content=\"2 minutos\" \/>\n<script type=\"application\/ld+json\" class=\"yoast-schema-graph\">{\"@context\":\"https:\/\/schema.org\",\"@graph\":[{\"@type\":\"Article\",\"@id\":\"https:\/\/eramine.eramet.com\/es\/media-es\/en-la-semana-de-la-lactancia-materna-fuimos-reconocidos-por-el-gobierno-de-salta\/#article\",\"isPartOf\":{\"@id\":\"https:\/\/eramine.eramet.com\/es\/media-es\/en-la-semana-de-la-lactancia-materna-fuimos-reconocidos-por-el-gobierno-de-salta\/\"},\"author\":{\"name\":\"Webmaster Eramet\",\"@id\":\"https:\/\/eramine.eramet.com\/es\/#\/schema\/person\/22362891f603aee5700eb295a758390c\"},\"headline\":\"En la Semana de la Lactancia Materna, fuimos reconocidos por el Gobierno de Salta\",\"datePublished\":\"2025-08-08T15:00:14+00:00\",\"dateModified\":\"2026-01-27T10:59:14+00:00\",\"mainEntityOfPage\":{\"@id\":\"https:\/\/eramine.eramet.com\/es\/media-es\/en-la-semana-de-la-lactancia-materna-fuimos-reconocidos-por-el-gobierno-de-salta\/\"},\"wordCount\":902,\"commentCount\":0,\"image\":{\"@id\":\"https:\/\/eramine.eramet.com\/es\/media-es\/en-la-semana-de-la-lactancia-materna-fuimos-reconocidos-por-el-gobierno-de-salta\/#primaryimage\"},\"thumbnailUrl\":\"https:\/\/eramine.eramet.com\/wp-content\/uploads\/sites\/23\/2026\/01\/2025-08-08-Eramine-Recognized-by-the-Government-of-Salta-during-Breastfeeding-Week.jpg\",\"keywords\":[\"Compromisos\",\"Comunidades\",\"Diversidad y inclusi\u00f3n\",\"Salud\"],\"articleSection\":[\"Media\"],\"inLanguage\":\"es\",\"potentialAction\":[{\"@type\":\"CommentAction\",\"name\":\"Comment\",\"target\":[\"https:\/\/eramine.eramet.com\/es\/media-es\/en-la-semana-de-la-lactancia-materna-fuimos-reconocidos-por-el-gobierno-de-salta\/#respond\"]}]},{\"@type\":\"WebPage\",\"@id\":\"https:\/\/eramine.eramet.com\/es\/media-es\/en-la-semana-de-la-lactancia-materna-fuimos-reconocidos-por-el-gobierno-de-salta\/\",\"url\":\"https:\/\/eramine.eramet.com\/es\/media-es\/en-la-semana-de-la-lactancia-materna-fuimos-reconocidos-por-el-gobierno-de-salta\/\",\"name\":\"En la Semana de la Lactancia Materna, fuimos reconocidos por el Gobierno de Salta - Eramet Eramine\",\"isPartOf\":{\"@id\":\"https:\/\/eramine.eramet.com\/es\/#website\"},\"primaryImageOfPage\":{\"@id\":\"https:\/\/eramine.eramet.com\/es\/media-es\/en-la-semana-de-la-lactancia-materna-fuimos-reconocidos-por-el-gobierno-de-salta\/#primaryimage\"},\"image\":{\"@id\":\"https:\/\/eramine.eramet.com\/es\/media-es\/en-la-semana-de-la-lactancia-materna-fuimos-reconocidos-por-el-gobierno-de-salta\/#primaryimage\"},\"thumbnailUrl\":\"https:\/\/eramine.eramet.com\/wp-content\/uploads\/sites\/23\/2026\/01\/2025-08-08-Eramine-Recognized-by-the-Government-of-Salta-during-Breastfeeding-Week.jpg\",\"datePublished\":\"2025-08-08T15:00:14+00:00\",\"dateModified\":\"2026-01-27T10:59:14+00:00\",\"author\":{\"@id\":\"https:\/\/eramine.eramet.com\/es\/#\/schema\/person\/22362891f603aee5700eb295a758390c\"},\"breadcrumb\":{\"@id\":\"https:\/\/eramine.eramet.com\/es\/media-es\/en-la-semana-de-la-lactancia-materna-fuimos-reconocidos-por-el-gobierno-de-salta\/#breadcrumb\"},\"inLanguage\":\"es\",\"potentialAction\":[{\"@type\":\"ReadAction\",\"target\":[\"https:\/\/eramine.eramet.com\/es\/media-es\/en-la-semana-de-la-lactancia-materna-fuimos-reconocidos-por-el-gobierno-de-salta\/\"]}]},{\"@type\":\"ImageObject\",\"inLanguage\":\"es\",\"@id\":\"https:\/\/eramine.eramet.com\/es\/media-es\/en-la-semana-de-la-lactancia-materna-fuimos-reconocidos-por-el-gobierno-de-salta\/#primaryimage\",\"url\":\"https:\/\/eramine.eramet.com\/wp-content\/uploads\/sites\/23\/2026\/01\/2025-08-08-Eramine-Recognized-by-the-Government-of-Salta-during-Breastfeeding-Week.jpg\",\"contentUrl\":\"https:\/\/eramine.eramet.com\/wp-content\/uploads\/sites\/23\/2026\/01\/2025-08-08-Eramine-Recognized-by-the-Government-of-Salta-during-Breastfeeding-Week.jpg\",\"width\":1060,\"height\":595},{\"@type\":\"BreadcrumbList\",\"@id\":\"https:\/\/eramine.eramet.com\/es\/media-es\/en-la-semana-de-la-lactancia-materna-fuimos-reconocidos-por-el-gobierno-de-salta\/#breadcrumb\",\"itemListElement\":[{\"@type\":\"ListItem\",\"position\":1,\"name\":\"Home\",\"item\":\"https:\/\/eramine.eramet.com\/es\/\"},{\"@type\":\"ListItem\",\"position\":2,\"name\":\"En la Semana de la Lactancia Materna, fuimos reconocidos por el Gobierno de Salta\"}]},{\"@type\":\"WebSite\",\"@id\":\"https:\/\/eramine.eramet.com\/es\/#website\",\"url\":\"https:\/\/eramine.eramet.com\/es\/\",\"name\":\"Eramet Eramine\",\"description\":\"\",\"potentialAction\":[{\"@type\":\"SearchAction\",\"target\":{\"@type\":\"EntryPoint\",\"urlTemplate\":\"https:\/\/eramine.eramet.com\/es\/?s={search_term_string}\"},\"query-input\":{\"@type\":\"PropertyValueSpecification\",\"valueRequired\":true,\"valueName\":\"search_term_string\"}}],\"inLanguage\":\"es\"},{\"@type\":\"Person\",\"@id\":\"https:\/\/eramine.eramet.com\/es\/#\/schema\/person\/22362891f603aee5700eb295a758390c\",\"name\":\"Webmaster Eramet\",\"image\":{\"@type\":\"ImageObject\",\"inLanguage\":\"es\",\"@id\":\"https:\/\/eramine.eramet.com\/es\/#\/schema\/person\/image\/\",\"url\":\"https:\/\/secure.gravatar.com\/avatar\/11c9a87d42fae672200b0767deab3c0d?s=96&d=mm&r=g\",\"contentUrl\":\"https:\/\/secure.gravatar.com\/avatar\/11c9a87d42fae672200b0767deab3c0d?s=96&d=mm&r=g\",\"caption\":\"Webmaster Eramet\"},\"sameAs\":[\"http:\/\/eramet.com\"],\"url\":\"https:\/\/eramine.eramet.com\/es\/author\/eramet\/\"}]}<\/script>\n<!-- \/ Yoast SEO plugin. -->","yoast_head_json":{"title":"En la Semana de la Lactancia Materna, fuimos reconocidos por el Gobierno de Salta - Eramet Eramine","robots":{"index":"index","follow":"follow","max-snippet":"max-snippet:-1","max-image-preview":"max-image-preview:large","max-video-preview":"max-video-preview:-1"},"canonical":"https:\/\/eramine.eramet.com\/es\/media-es\/en-la-semana-de-la-lactancia-materna-fuimos-reconocidos-por-el-gobierno-de-salta\/","og_locale":"es_ES","og_type":"article","og_title":"En la Semana de la Lactancia Materna, fuimos reconocidos por el Gobierno de Salta - Eramet Eramine","og_url":"https:\/\/eramine.eramet.com\/es\/media-es\/en-la-semana-de-la-lactancia-materna-fuimos-reconocidos-por-el-gobierno-de-salta\/","og_site_name":"Eramet Eramine","article_published_time":"2025-08-08T15:00:14+00:00","article_modified_time":"2026-01-27T10:59:14+00:00","og_image":[{"width":1060,"height":595,"url":"https:\/\/eramine.eramet.com\/wp-content\/uploads\/sites\/23\/2026\/01\/2025-08-08-Eramine-Recognized-by-the-Government-of-Salta-during-Breastfeeding-Week.jpg","type":"image\/jpeg"}],"author":"Webmaster Eramet","twitter_card":"summary_large_image","twitter_misc":{"Escrito por":"Webmaster Eramet","Tiempo de lectura":"2 minutos"},"schema":{"@context":"https:\/\/schema.org","@graph":[{"@type":"Article","@id":"https:\/\/eramine.eramet.com\/es\/media-es\/en-la-semana-de-la-lactancia-materna-fuimos-reconocidos-por-el-gobierno-de-salta\/#article","isPartOf":{"@id":"https:\/\/eramine.eramet.com\/es\/media-es\/en-la-semana-de-la-lactancia-materna-fuimos-reconocidos-por-el-gobierno-de-salta\/"},"author":{"name":"Webmaster Eramet","@id":"https:\/\/eramine.eramet.com\/es\/#\/schema\/person\/22362891f603aee5700eb295a758390c"},"headline":"En la Semana de la Lactancia Materna, fuimos reconocidos por el Gobierno de Salta","datePublished":"2025-08-08T15:00:14+00:00","dateModified":"2026-01-27T10:59:14+00:00","mainEntityOfPage":{"@id":"https:\/\/eramine.eramet.com\/es\/media-es\/en-la-semana-de-la-lactancia-materna-fuimos-reconocidos-por-el-gobierno-de-salta\/"},"wordCount":902,"commentCount":0,"image":{"@id":"https:\/\/eramine.eramet.com\/es\/media-es\/en-la-semana-de-la-lactancia-materna-fuimos-reconocidos-por-el-gobierno-de-salta\/#primaryimage"},"thumbnailUrl":"https:\/\/eramine.eramet.com\/wp-content\/uploads\/sites\/23\/2026\/01\/2025-08-08-Eramine-Recognized-by-the-Government-of-Salta-during-Breastfeeding-Week.jpg","keywords":["Compromisos","Comunidades","Diversidad y inclusi\u00f3n","Salud"],"articleSection":["Media"],"inLanguage":"es","potentialAction":[{"@type":"CommentAction","name":"Comment","target":["https:\/\/eramine.eramet.com\/es\/media-es\/en-la-semana-de-la-lactancia-materna-fuimos-reconocidos-por-el-gobierno-de-salta\/#respond"]}]},{"@type":"WebPage","@id":"https:\/\/eramine.eramet.com\/es\/media-es\/en-la-semana-de-la-lactancia-materna-fuimos-reconocidos-por-el-gobierno-de-salta\/","url":"https:\/\/eramine.eramet.com\/es\/media-es\/en-la-semana-de-la-lactancia-materna-fuimos-reconocidos-por-el-gobierno-de-salta\/","name":"En la Semana de la Lactancia Materna, fuimos reconocidos por el Gobierno de Salta - Eramet Eramine","isPartOf":{"@id":"https:\/\/eramine.eramet.com\/es\/#website"},"primaryImageOfPage":{"@id":"https:\/\/eramine.eramet.com\/es\/media-es\/en-la-semana-de-la-lactancia-materna-fuimos-reconocidos-por-el-gobierno-de-salta\/#primaryimage"},"image":{"@id":"https:\/\/eramine.eramet.com\/es\/media-es\/en-la-semana-de-la-lactancia-materna-fuimos-reconocidos-por-el-gobierno-de-salta\/#primaryimage"},"thumbnailUrl":"https:\/\/eramine.eramet.com\/wp-content\/uploads\/sites\/23\/2026\/01\/2025-08-08-Eramine-Recognized-by-the-Government-of-Salta-during-Breastfeeding-Week.jpg","datePublished":"2025-08-08T15:00:14+00:00","dateModified":"2026-01-27T10:59:14+00:00","author":{"@id":"https:\/\/eramine.eramet.com\/es\/#\/schema\/person\/22362891f603aee5700eb295a758390c"},"breadcrumb":{"@id":"https:\/\/eramine.eramet.com\/es\/media-es\/en-la-semana-de-la-lactancia-materna-fuimos-reconocidos-por-el-gobierno-de-salta\/#breadcrumb"},"inLanguage":"es","potentialAction":[{"@type":"ReadAction","target":["https:\/\/eramine.eramet.com\/es\/media-es\/en-la-semana-de-la-lactancia-materna-fuimos-reconocidos-por-el-gobierno-de-salta\/"]}]},{"@type":"ImageObject","inLanguage":"es","@id":"https:\/\/eramine.eramet.com\/es\/media-es\/en-la-semana-de-la-lactancia-materna-fuimos-reconocidos-por-el-gobierno-de-salta\/#primaryimage","url":"https:\/\/eramine.eramet.com\/wp-content\/uploads\/sites\/23\/2026\/01\/2025-08-08-Eramine-Recognized-by-the-Government-of-Salta-during-Breastfeeding-Week.jpg","contentUrl":"https:\/\/eramine.eramet.com\/wp-content\/uploads\/sites\/23\/2026\/01\/2025-08-08-Eramine-Recognized-by-the-Government-of-Salta-during-Breastfeeding-Week.jpg","width":1060,"height":595},{"@type":"BreadcrumbList","@id":"https:\/\/eramine.eramet.com\/es\/media-es\/en-la-semana-de-la-lactancia-materna-fuimos-reconocidos-por-el-gobierno-de-salta\/#breadcrumb","itemListElement":[{"@type":"ListItem","position":1,"name":"Home","item":"https:\/\/eramine.eramet.com\/es\/"},{"@type":"ListItem","position":2,"name":"En la Semana de la Lactancia Materna, fuimos reconocidos por el Gobierno de Salta"}]},{"@type":"WebSite","@id":"https:\/\/eramine.eramet.com\/es\/#website","url":"https:\/\/eramine.eramet.com\/es\/","name":"Eramet Eramine","description":"","potentialAction":[{"@type":"SearchAction","target":{"@type":"EntryPoint","urlTemplate":"https:\/\/eramine.eramet.com\/es\/?s={search_term_string}"},"query-input":{"@type":"PropertyValueSpecification","valueRequired":true,"valueName":"search_term_string"}}],"inLanguage":"es"},{"@type":"Person","@id":"https:\/\/eramine.eramet.com\/es\/#\/schema\/person\/22362891f603aee5700eb295a758390c","name":"Webmaster Eramet","image":{"@type":"ImageObject","inLanguage":"es","@id":"https:\/\/eramine.eramet.com\/es\/#\/schema\/person\/image\/","url":"https:\/\/secure.gravatar.com\/avatar\/11c9a87d42fae672200b0767deab3c0d?s=96&d=mm&r=g","contentUrl":"https:\/\/secure.gravatar.com\/avatar\/11c9a87d42fae672200b0767deab3c0d?s=96&d=mm&r=g","caption":"Webmaster Eramet"},"sameAs":["http:\/\/eramet.com"],"url":"https:\/\/eramine.eramet.com\/es\/author\/eramet\/"}]}},"acf":[],"_links":{"self":[{"href":"https:\/\/eramine.eramet.com\/es\/wp-json\/wp\/v2\/posts\/52954","targetHints":{"allow":["GET"]}}],"collection":[{"href":"https:\/\/eramine.eramet.com\/es\/wp-json\/wp\/v2\/posts"}],"about":[{"href":"https:\/\/eramine.eramet.com\/es\/wp-json\/wp\/v2\/types\/post"}],"author":[{"embeddable":true,"href":"https:\/\/eramine.eramet.com\/es\/wp-json\/wp\/v2\/users\/4"}],"replies":[{"embeddable":true,"href":"https:\/\/eramine.eramet.com\/es\/wp-json\/wp\/v2\/comments?post=52954"}],"version-history":[{"count":3,"href":"https:\/\/eramine.eramet.com\/es\/wp-json\/wp\/v2\/posts\/52954\/revisions"}],"predecessor-version":[{"id":52961,"href":"https:\/\/eramine.eramet.com\/es\/wp-json\/wp\/v2\/posts\/52954\/revisions\/52961"}],"wp:featuredmedia":[{"embeddable":true,"href":"https:\/\/eramine.eramet.com\/es\/wp-json\/wp\/v2\/media\/52955"}],"wp:attachment":[{"href":"https:\/\/eramine.eramet.com\/es\/wp-json\/wp\/v2\/media?parent=52954"}],"wp:term":[{"taxonomy":"category","embeddable":true,"href":"https:\/\/eramine.eramet.com\/es\/wp-json\/wp\/v2\/categories?post=52954"},{"taxonomy":"post_tag","embeddable":true,"href":"https:\/\/eramine.eramet.com\/es\/wp-json\/wp\/v2\/tags?post=52954"}],"curies":[{"name":"wp","href":"https:\/\/api.w.org\/{rel}","templated":true}]}}