{"id":53000,"date":"2025-11-13T12:00:04","date_gmt":"2025-11-13T15:00:04","guid":{"rendered":"https:\/\/eramine.eramet.ovh\/?p=53000"},"modified":"2026-01-27T11:13:35","modified_gmt":"2026-01-27T14:13:35","slug":"en-eramine-nos-sumamos-al-fortalecimiento-de-capacidades-en-la-comunidad-kolla-andina-de-santa-rosa-de-los-pastos-grandes","status":"publish","type":"post","link":"https:\/\/eramine.eramet.com\/es\/media-es\/en-eramine-nos-sumamos-al-fortalecimiento-de-capacidades-en-la-comunidad-kolla-andina-de-santa-rosa-de-los-pastos-grandes\/","title":{"rendered":"En Eramine, nos sumamos al fortalecimiento de capacidades en la comunidad Kolla Andina de Santa Rosa de los Pastos Grandes"},"content":{"rendered":"<div class=\"fusion-fullwidth fullwidth-box fusion-builder-row-1 fusion-flex-container nonhundred-percent-fullwidth non-hundred-percent-height-scrolling\" style=\"--awb-border-radius-top-left:0px;--awb-border-radius-top-right:0px;--awb-border-radius-bottom-right:0px;--awb-border-radius-bottom-left:0px;--awb-flex-wrap:wrap;\" ><div class=\"fusion-builder-row fusion-row fusion-flex-align-items-flex-start fusion-flex-justify-content-center fusion-flex-content-wrap\" style=\"max-width:1468.8px;margin-left: calc(-2% \/ 2 );margin-right: calc(-2% \/ 2 );\"><div class=\"fusion-layout-column fusion_builder_column fusion-builder-column-0 fusion_builder_column_2_3 2_3 fusion-flex-column\" style=\"--awb-bg-blend:overlay;--awb-bg-size:cover;--awb-width-large:66.666666666667%;--awb-margin-top-large:0px;--awb-spacing-right-large:1.47%;--awb-margin-bottom-large:20px;--awb-spacing-left-large:1.47%;--awb-width-medium:66.666666666667%;--awb-spacing-right-medium:1.47%;--awb-spacing-left-medium:1.47%;--awb-width-small:100%;--awb-spacing-right-small:0.98%;--awb-spacing-left-small:0.98%;\"><div class=\"fusion-column-wrapper fusion-flex-justify-content-flex-start fusion-content-layout-column\"><div class=\"fusion-text fusion-text-1\"><p>Entre el 5 y el 9 de noviembre, participamos en una capacitaci\u00f3n t\u00e9cnica titulada\u00a0<i>\u201cManejo de m\u00e1quinas viales \u2013 Operaci\u00f3n segura de retroexcavadora y gr\u00faa hidr\u00e1ulica\u201d<\/i>, destinada a diez miembros de la Comunidad Kolla Andina de Santa Rosa de los Pastos Grandes (SRPG).<\/p>\n<p>La iniciativa fue el resultado de un trabajo conjunto entre Eramine Sudam\u00e9rica, Lithium Argentina, Abra Silver, Borax, Ganfeng Lithium y Posco, bajo la coordinaci\u00f3n de la Secretar\u00eda de Miner\u00eda de la Provincia y con la participaci\u00f3n del Ministerio de Educaci\u00f3n, que ser\u00e1 el encargado de emitir los certificados correspondientes.<\/p>\n<p>La capacitaci\u00f3n surgi\u00f3 a partir de una propuesta presentada por la propia comunidad y seleccionada durante la Mesa de Trabajo Social realizada el 25 de agosto de 2025, donde fue votada como la prioridad principal por sus miembros.<\/p>\n<p>El curso se llev\u00f3 a cabo en las instalaciones del Batall\u00f3n de Ingenieros de Monta\u00f1a N\u00b0 5 \u201cGral. Enrique Mosconi\u201d y combin\u00f3 m\u00f3dulos te\u00f3ricos y pr\u00e1cticos enfocados en el uso seguro y responsable de maquinaria vial.<\/p>\n<p>Los participantes recibieron formaci\u00f3n especializada y pr\u00e1ctica directa con equipos, fortaleciendo sus habilidades t\u00e9cnicas y sus oportunidades de empleabilidad. El traslado, alojamiento, alimentaci\u00f3n y log\u00edstica general fueron organizados y financiados por las empresas participantes.<\/p>\n<p>En Eramine, nos enorgullece ser parte de este esfuerzo conjunto que impulsa el desarrollo de capacidades locales y el crecimiento de las comunidades andinas de la Puna salte\u00f1a.<\/p>\n<\/div><\/div><\/div><\/div><\/div>\n","protected":false},"excerpt":{"rendered":"","protected":false},"author":4,"featured_media":53003,"comment_status":"open","ping_status":"open","sticky":false,"template":"","format":"standard","meta":{"footnotes":""},"categories":[2],"tags":[92,102],"class_list":["post-53000","post","type-post","status-publish","format-standard","has-post-thumbnail","hentry","category-media-es","tag-comunidades","tag-desarrollo","nature-noticias"],"yoast_head":"<!-- This site is optimized with the Yoast SEO plugin v26.8 - https:\/\/yoast.com\/product\/yoast-seo-wordpress\/ -->\n<title>En Eramine, nos sumamos al fortalecimiento de capacidades en la comunidad Kolla Andina de Santa Rosa de los Pastos Grandes - Eramet Eramine<\/title>\n<meta name=\"robots\" content=\"index, follow, max-snippet:-1, max-image-preview:large, max-video-preview:-1\" \/>\n<link rel=\"canonical\" href=\"https:\/\/eramine.eramet.com\/es\/media-es\/en-eramine-nos-sumamos-al-fortalecimiento-de-capacidades-en-la-comunidad-kolla-andina-de-santa-rosa-de-los-pastos-grandes\/\" \/>\n<meta property=\"og:locale\" content=\"es_ES\" \/>\n<meta property=\"og:type\" content=\"article\" \/>\n<meta property=\"og:title\" content=\"En Eramine, nos sumamos al fortalecimiento de capacidades en la comunidad Kolla Andina de Santa Rosa de los Pastos Grandes - Eramet Eramine\" \/>\n<meta property=\"og:url\" content=\"https:\/\/eramine.eramet.com\/es\/media-es\/en-eramine-nos-sumamos-al-fortalecimiento-de-capacidades-en-la-comunidad-kolla-andina-de-santa-rosa-de-los-pastos-grandes\/\" \/>\n<meta property=\"og:site_name\" content=\"Eramet Eramine\" \/>\n<meta property=\"article:published_time\" content=\"2025-11-13T15:00:04+00:00\" \/>\n<meta property=\"article:modified_time\" content=\"2026-01-27T14:13:35+00:00\" \/>\n<meta property=\"og:image\" content=\"https:\/\/eramine.eramet.com\/wp-content\/uploads\/sites\/23\/2026\/01\/2025-11-13-Eramine-Community-of-Santa-Rosa-de-los-Pastos-Grandes.jpg\" \/>\n\t<meta property=\"og:image:width\" content=\"1600\" \/>\n\t<meta property=\"og:image:height\" content=\"900\" \/>\n\t<meta property=\"og:image:type\" content=\"image\/jpeg\" \/>\n<meta name=\"author\" content=\"Webmaster Eramet\" \/>\n<meta name=\"twitter:card\" content=\"summary_large_image\" \/>\n<meta name=\"twitter:label1\" content=\"Escrito por\" \/>\n\t<meta name=\"twitter:data1\" content=\"Webmaster Eramet\" \/>\n\t<meta name=\"twitter:label2\" content=\"Tiempo de lectura\" \/>\n\t<meta name=\"twitter:data2\" content=\"2 minutos\" \/>\n<script type=\"application\/ld+json\" class=\"yoast-schema-graph\">{\"@context\":\"https:\/\/schema.org\",\"@graph\":[{\"@type\":\"Article\",\"@id\":\"https:\/\/eramine.eramet.com\/es\/media-es\/en-eramine-nos-sumamos-al-fortalecimiento-de-capacidades-en-la-comunidad-kolla-andina-de-santa-rosa-de-los-pastos-grandes\/#article\",\"isPartOf\":{\"@id\":\"https:\/\/eramine.eramet.com\/es\/media-es\/en-eramine-nos-sumamos-al-fortalecimiento-de-capacidades-en-la-comunidad-kolla-andina-de-santa-rosa-de-los-pastos-grandes\/\"},\"author\":{\"name\":\"Webmaster Eramet\",\"@id\":\"https:\/\/eramine.eramet.com\/es\/#\/schema\/person\/22362891f603aee5700eb295a758390c\"},\"headline\":\"En Eramine, nos sumamos al fortalecimiento de capacidades en la comunidad Kolla Andina de Santa Rosa de los Pastos Grandes\",\"datePublished\":\"2025-11-13T15:00:04+00:00\",\"dateModified\":\"2026-01-27T14:13:35+00:00\",\"mainEntityOfPage\":{\"@id\":\"https:\/\/eramine.eramet.com\/es\/media-es\/en-eramine-nos-sumamos-al-fortalecimiento-de-capacidades-en-la-comunidad-kolla-andina-de-santa-rosa-de-los-pastos-grandes\/\"},\"wordCount\":462,\"commentCount\":0,\"image\":{\"@id\":\"https:\/\/eramine.eramet.com\/es\/media-es\/en-eramine-nos-sumamos-al-fortalecimiento-de-capacidades-en-la-comunidad-kolla-andina-de-santa-rosa-de-los-pastos-grandes\/#primaryimage\"},\"thumbnailUrl\":\"https:\/\/eramine.eramet.com\/wp-content\/uploads\/sites\/23\/2026\/01\/2025-11-13-Eramine-Community-of-Santa-Rosa-de-los-Pastos-Grandes.jpg\",\"keywords\":[\"Comunidades\",\"Desarrollo\"],\"articleSection\":[\"Media\"],\"inLanguage\":\"es\",\"potentialAction\":[{\"@type\":\"CommentAction\",\"name\":\"Comment\",\"target\":[\"https:\/\/eramine.eramet.com\/es\/media-es\/en-eramine-nos-sumamos-al-fortalecimiento-de-capacidades-en-la-comunidad-kolla-andina-de-santa-rosa-de-los-pastos-grandes\/#respond\"]}]},{\"@type\":\"WebPage\",\"@id\":\"https:\/\/eramine.eramet.com\/es\/media-es\/en-eramine-nos-sumamos-al-fortalecimiento-de-capacidades-en-la-comunidad-kolla-andina-de-santa-rosa-de-los-pastos-grandes\/\",\"url\":\"https:\/\/eramine.eramet.com\/es\/media-es\/en-eramine-nos-sumamos-al-fortalecimiento-de-capacidades-en-la-comunidad-kolla-andina-de-santa-rosa-de-los-pastos-grandes\/\",\"name\":\"En Eramine, nos sumamos al fortalecimiento de capacidades en la comunidad Kolla Andina de Santa Rosa de los Pastos Grandes - Eramet Eramine\",\"isPartOf\":{\"@id\":\"https:\/\/eramine.eramet.com\/es\/#website\"},\"primaryImageOfPage\":{\"@id\":\"https:\/\/eramine.eramet.com\/es\/media-es\/en-eramine-nos-sumamos-al-fortalecimiento-de-capacidades-en-la-comunidad-kolla-andina-de-santa-rosa-de-los-pastos-grandes\/#primaryimage\"},\"image\":{\"@id\":\"https:\/\/eramine.eramet.com\/es\/media-es\/en-eramine-nos-sumamos-al-fortalecimiento-de-capacidades-en-la-comunidad-kolla-andina-de-santa-rosa-de-los-pastos-grandes\/#primaryimage\"},\"thumbnailUrl\":\"https:\/\/eramine.eramet.com\/wp-content\/uploads\/sites\/23\/2026\/01\/2025-11-13-Eramine-Community-of-Santa-Rosa-de-los-Pastos-Grandes.jpg\",\"datePublished\":\"2025-11-13T15:00:04+00:00\",\"dateModified\":\"2026-01-27T14:13:35+00:00\",\"author\":{\"@id\":\"https:\/\/eramine.eramet.com\/es\/#\/schema\/person\/22362891f603aee5700eb295a758390c\"},\"breadcrumb\":{\"@id\":\"https:\/\/eramine.eramet.com\/es\/media-es\/en-eramine-nos-sumamos-al-fortalecimiento-de-capacidades-en-la-comunidad-kolla-andina-de-santa-rosa-de-los-pastos-grandes\/#breadcrumb\"},\"inLanguage\":\"es\",\"potentialAction\":[{\"@type\":\"ReadAction\",\"target\":[\"https:\/\/eramine.eramet.com\/es\/media-es\/en-eramine-nos-sumamos-al-fortalecimiento-de-capacidades-en-la-comunidad-kolla-andina-de-santa-rosa-de-los-pastos-grandes\/\"]}]},{\"@type\":\"ImageObject\",\"inLanguage\":\"es\",\"@id\":\"https:\/\/eramine.eramet.com\/es\/media-es\/en-eramine-nos-sumamos-al-fortalecimiento-de-capacidades-en-la-comunidad-kolla-andina-de-santa-rosa-de-los-pastos-grandes\/#primaryimage\",\"url\":\"https:\/\/eramine.eramet.com\/wp-content\/uploads\/sites\/23\/2026\/01\/2025-11-13-Eramine-Community-of-Santa-Rosa-de-los-Pastos-Grandes.jpg\",\"contentUrl\":\"https:\/\/eramine.eramet.com\/wp-content\/uploads\/sites\/23\/2026\/01\/2025-11-13-Eramine-Community-of-Santa-Rosa-de-los-Pastos-Grandes.jpg\",\"width\":1600,\"height\":900},{\"@type\":\"BreadcrumbList\",\"@id\":\"https:\/\/eramine.eramet.com\/es\/media-es\/en-eramine-nos-sumamos-al-fortalecimiento-de-capacidades-en-la-comunidad-kolla-andina-de-santa-rosa-de-los-pastos-grandes\/#breadcrumb\",\"itemListElement\":[{\"@type\":\"ListItem\",\"position\":1,\"name\":\"Home\",\"item\":\"https:\/\/eramine.eramet.com\/es\/\"},{\"@type\":\"ListItem\",\"position\":2,\"name\":\"En Eramine, nos sumamos al fortalecimiento de capacidades en la comunidad Kolla Andina de Santa Rosa de los Pastos Grandes\"}]},{\"@type\":\"WebSite\",\"@id\":\"https:\/\/eramine.eramet.com\/es\/#website\",\"url\":\"https:\/\/eramine.eramet.com\/es\/\",\"name\":\"Eramet Eramine\",\"description\":\"\",\"potentialAction\":[{\"@type\":\"SearchAction\",\"target\":{\"@type\":\"EntryPoint\",\"urlTemplate\":\"https:\/\/eramine.eramet.com\/es\/?s={search_term_string}\"},\"query-input\":{\"@type\":\"PropertyValueSpecification\",\"valueRequired\":true,\"valueName\":\"search_term_string\"}}],\"inLanguage\":\"es\"},{\"@type\":\"Person\",\"@id\":\"https:\/\/eramine.eramet.com\/es\/#\/schema\/person\/22362891f603aee5700eb295a758390c\",\"name\":\"Webmaster Eramet\",\"image\":{\"@type\":\"ImageObject\",\"inLanguage\":\"es\",\"@id\":\"https:\/\/eramine.eramet.com\/es\/#\/schema\/person\/image\/\",\"url\":\"https:\/\/secure.gravatar.com\/avatar\/11c9a87d42fae672200b0767deab3c0d?s=96&d=mm&r=g\",\"contentUrl\":\"https:\/\/secure.gravatar.com\/avatar\/11c9a87d42fae672200b0767deab3c0d?s=96&d=mm&r=g\",\"caption\":\"Webmaster Eramet\"},\"sameAs\":[\"http:\/\/eramet.com\"],\"url\":\"https:\/\/eramine.eramet.com\/es\/author\/eramet\/\"}]}<\/script>\n<!-- \/ Yoast SEO plugin. -->","yoast_head_json":{"title":"En Eramine, nos sumamos al fortalecimiento de capacidades en la comunidad Kolla Andina de Santa Rosa de los Pastos Grandes - Eramet Eramine","robots":{"index":"index","follow":"follow","max-snippet":"max-snippet:-1","max-image-preview":"max-image-preview:large","max-video-preview":"max-video-preview:-1"},"canonical":"https:\/\/eramine.eramet.com\/es\/media-es\/en-eramine-nos-sumamos-al-fortalecimiento-de-capacidades-en-la-comunidad-kolla-andina-de-santa-rosa-de-los-pastos-grandes\/","og_locale":"es_ES","og_type":"article","og_title":"En Eramine, nos sumamos al fortalecimiento de capacidades en la comunidad Kolla Andina de Santa Rosa de los Pastos Grandes - Eramet Eramine","og_url":"https:\/\/eramine.eramet.com\/es\/media-es\/en-eramine-nos-sumamos-al-fortalecimiento-de-capacidades-en-la-comunidad-kolla-andina-de-santa-rosa-de-los-pastos-grandes\/","og_site_name":"Eramet Eramine","article_published_time":"2025-11-13T15:00:04+00:00","article_modified_time":"2026-01-27T14:13:35+00:00","og_image":[{"width":1600,"height":900,"url":"https:\/\/eramine.eramet.com\/wp-content\/uploads\/sites\/23\/2026\/01\/2025-11-13-Eramine-Community-of-Santa-Rosa-de-los-Pastos-Grandes.jpg","type":"image\/jpeg"}],"author":"Webmaster Eramet","twitter_card":"summary_large_image","twitter_misc":{"Escrito por":"Webmaster Eramet","Tiempo de lectura":"2 minutos"},"schema":{"@context":"https:\/\/schema.org","@graph":[{"@type":"Article","@id":"https:\/\/eramine.eramet.com\/es\/media-es\/en-eramine-nos-sumamos-al-fortalecimiento-de-capacidades-en-la-comunidad-kolla-andina-de-santa-rosa-de-los-pastos-grandes\/#article","isPartOf":{"@id":"https:\/\/eramine.eramet.com\/es\/media-es\/en-eramine-nos-sumamos-al-fortalecimiento-de-capacidades-en-la-comunidad-kolla-andina-de-santa-rosa-de-los-pastos-grandes\/"},"author":{"name":"Webmaster Eramet","@id":"https:\/\/eramine.eramet.com\/es\/#\/schema\/person\/22362891f603aee5700eb295a758390c"},"headline":"En Eramine, nos sumamos al fortalecimiento de capacidades en la comunidad Kolla Andina de Santa Rosa de los Pastos Grandes","datePublished":"2025-11-13T15:00:04+00:00","dateModified":"2026-01-27T14:13:35+00:00","mainEntityOfPage":{"@id":"https:\/\/eramine.eramet.com\/es\/media-es\/en-eramine-nos-sumamos-al-fortalecimiento-de-capacidades-en-la-comunidad-kolla-andina-de-santa-rosa-de-los-pastos-grandes\/"},"wordCount":462,"commentCount":0,"image":{"@id":"https:\/\/eramine.eramet.com\/es\/media-es\/en-eramine-nos-sumamos-al-fortalecimiento-de-capacidades-en-la-comunidad-kolla-andina-de-santa-rosa-de-los-pastos-grandes\/#primaryimage"},"thumbnailUrl":"https:\/\/eramine.eramet.com\/wp-content\/uploads\/sites\/23\/2026\/01\/2025-11-13-Eramine-Community-of-Santa-Rosa-de-los-Pastos-Grandes.jpg","keywords":["Comunidades","Desarrollo"],"articleSection":["Media"],"inLanguage":"es","potentialAction":[{"@type":"CommentAction","name":"Comment","target":["https:\/\/eramine.eramet.com\/es\/media-es\/en-eramine-nos-sumamos-al-fortalecimiento-de-capacidades-en-la-comunidad-kolla-andina-de-santa-rosa-de-los-pastos-grandes\/#respond"]}]},{"@type":"WebPage","@id":"https:\/\/eramine.eramet.com\/es\/media-es\/en-eramine-nos-sumamos-al-fortalecimiento-de-capacidades-en-la-comunidad-kolla-andina-de-santa-rosa-de-los-pastos-grandes\/","url":"https:\/\/eramine.eramet.com\/es\/media-es\/en-eramine-nos-sumamos-al-fortalecimiento-de-capacidades-en-la-comunidad-kolla-andina-de-santa-rosa-de-los-pastos-grandes\/","name":"En Eramine, nos sumamos al fortalecimiento de capacidades en la comunidad Kolla Andina de Santa Rosa de los Pastos Grandes - Eramet Eramine","isPartOf":{"@id":"https:\/\/eramine.eramet.com\/es\/#website"},"primaryImageOfPage":{"@id":"https:\/\/eramine.eramet.com\/es\/media-es\/en-eramine-nos-sumamos-al-fortalecimiento-de-capacidades-en-la-comunidad-kolla-andina-de-santa-rosa-de-los-pastos-grandes\/#primaryimage"},"image":{"@id":"https:\/\/eramine.eramet.com\/es\/media-es\/en-eramine-nos-sumamos-al-fortalecimiento-de-capacidades-en-la-comunidad-kolla-andina-de-santa-rosa-de-los-pastos-grandes\/#primaryimage"},"thumbnailUrl":"https:\/\/eramine.eramet.com\/wp-content\/uploads\/sites\/23\/2026\/01\/2025-11-13-Eramine-Community-of-Santa-Rosa-de-los-Pastos-Grandes.jpg","datePublished":"2025-11-13T15:00:04+00:00","dateModified":"2026-01-27T14:13:35+00:00","author":{"@id":"https:\/\/eramine.eramet.com\/es\/#\/schema\/person\/22362891f603aee5700eb295a758390c"},"breadcrumb":{"@id":"https:\/\/eramine.eramet.com\/es\/media-es\/en-eramine-nos-sumamos-al-fortalecimiento-de-capacidades-en-la-comunidad-kolla-andina-de-santa-rosa-de-los-pastos-grandes\/#breadcrumb"},"inLanguage":"es","potentialAction":[{"@type":"ReadAction","target":["https:\/\/eramine.eramet.com\/es\/media-es\/en-eramine-nos-sumamos-al-fortalecimiento-de-capacidades-en-la-comunidad-kolla-andina-de-santa-rosa-de-los-pastos-grandes\/"]}]},{"@type":"ImageObject","inLanguage":"es","@id":"https:\/\/eramine.eramet.com\/es\/media-es\/en-eramine-nos-sumamos-al-fortalecimiento-de-capacidades-en-la-comunidad-kolla-andina-de-santa-rosa-de-los-pastos-grandes\/#primaryimage","url":"https:\/\/eramine.eramet.com\/wp-content\/uploads\/sites\/23\/2026\/01\/2025-11-13-Eramine-Community-of-Santa-Rosa-de-los-Pastos-Grandes.jpg","contentUrl":"https:\/\/eramine.eramet.com\/wp-content\/uploads\/sites\/23\/2026\/01\/2025-11-13-Eramine-Community-of-Santa-Rosa-de-los-Pastos-Grandes.jpg","width":1600,"height":900},{"@type":"BreadcrumbList","@id":"https:\/\/eramine.eramet.com\/es\/media-es\/en-eramine-nos-sumamos-al-fortalecimiento-de-capacidades-en-la-comunidad-kolla-andina-de-santa-rosa-de-los-pastos-grandes\/#breadcrumb","itemListElement":[{"@type":"ListItem","position":1,"name":"Home","item":"https:\/\/eramine.eramet.com\/es\/"},{"@type":"ListItem","position":2,"name":"En Eramine, nos sumamos al fortalecimiento de capacidades en la comunidad Kolla Andina de Santa Rosa de los Pastos Grandes"}]},{"@type":"WebSite","@id":"https:\/\/eramine.eramet.com\/es\/#website","url":"https:\/\/eramine.eramet.com\/es\/","name":"Eramet Eramine","description":"","potentialAction":[{"@type":"SearchAction","target":{"@type":"EntryPoint","urlTemplate":"https:\/\/eramine.eramet.com\/es\/?s={search_term_string}"},"query-input":{"@type":"PropertyValueSpecification","valueRequired":true,"valueName":"search_term_string"}}],"inLanguage":"es"},{"@type":"Person","@id":"https:\/\/eramine.eramet.com\/es\/#\/schema\/person\/22362891f603aee5700eb295a758390c","name":"Webmaster Eramet","image":{"@type":"ImageObject","inLanguage":"es","@id":"https:\/\/eramine.eramet.com\/es\/#\/schema\/person\/image\/","url":"https:\/\/secure.gravatar.com\/avatar\/11c9a87d42fae672200b0767deab3c0d?s=96&d=mm&r=g","contentUrl":"https:\/\/secure.gravatar.com\/avatar\/11c9a87d42fae672200b0767deab3c0d?s=96&d=mm&r=g","caption":"Webmaster Eramet"},"sameAs":["http:\/\/eramet.com"],"url":"https:\/\/eramine.eramet.com\/es\/author\/eramet\/"}]}},"acf":[],"_links":{"self":[{"href":"https:\/\/eramine.eramet.com\/es\/wp-json\/wp\/v2\/posts\/53000","targetHints":{"allow":["GET"]}}],"collection":[{"href":"https:\/\/eramine.eramet.com\/es\/wp-json\/wp\/v2\/posts"}],"about":[{"href":"https:\/\/eramine.eramet.com\/es\/wp-json\/wp\/v2\/types\/post"}],"author":[{"embeddable":true,"href":"https:\/\/eramine.eramet.com\/es\/wp-json\/wp\/v2\/users\/4"}],"replies":[{"embeddable":true,"href":"https:\/\/eramine.eramet.com\/es\/wp-json\/wp\/v2\/comments?post=53000"}],"version-history":[{"count":3,"href":"https:\/\/eramine.eramet.com\/es\/wp-json\/wp\/v2\/posts\/53000\/revisions"}],"predecessor-version":[{"id":53007,"href":"https:\/\/eramine.eramet.com\/es\/wp-json\/wp\/v2\/posts\/53000\/revisions\/53007"}],"wp:featuredmedia":[{"embeddable":true,"href":"https:\/\/eramine.eramet.com\/es\/wp-json\/wp\/v2\/media\/53003"}],"wp:attachment":[{"href":"https:\/\/eramine.eramet.com\/es\/wp-json\/wp\/v2\/media?parent=53000"}],"wp:term":[{"taxonomy":"category","embeddable":true,"href":"https:\/\/eramine.eramet.com\/es\/wp-json\/wp\/v2\/categories?post=53000"},{"taxonomy":"post_tag","embeddable":true,"href":"https:\/\/eramine.eramet.com\/es\/wp-json\/wp\/v2\/tags?post=53000"}],"curies":[{"name":"wp","href":"https:\/\/api.w.org\/{rel}","templated":true}]}}