{"id":53054,"date":"2026-01-02T14:15:47","date_gmt":"2026-01-02T17:15:47","guid":{"rendered":"https:\/\/eramine.eramet.ovh\/?p=53054"},"modified":"2026-01-28T09:59:05","modified_gmt":"2026-01-28T12:59:05","slug":"cerramos-2025-consolidando-nuestro-compromiso-con-el-desarrollo-sostenible-en-la-puna-saltena","status":"publish","type":"post","link":"https:\/\/eramine.eramet.com\/es\/media-es\/cerramos-2025-consolidando-nuestro-compromiso-con-el-desarrollo-sostenible-en-la-puna-saltena\/","title":{"rendered":"Cerramos 2025 consolidando nuestro compromiso con el desarrollo sostenible en la Puna salte\u00f1a"},"content":{"rendered":"<div class=\"fusion-fullwidth fullwidth-box fusion-builder-row-1 fusion-flex-container nonhundred-percent-fullwidth non-hundred-percent-height-scrolling\" style=\"--awb-border-radius-top-left:0px;--awb-border-radius-top-right:0px;--awb-border-radius-bottom-right:0px;--awb-border-radius-bottom-left:0px;--awb-flex-wrap:wrap;\" ><div class=\"fusion-builder-row fusion-row fusion-flex-align-items-flex-start fusion-flex-justify-content-center fusion-flex-content-wrap\" style=\"max-width:1468.8px;margin-left: calc(-2% \/ 2 );margin-right: calc(-2% \/ 2 );\"><div class=\"fusion-layout-column fusion_builder_column fusion-builder-column-0 fusion_builder_column_2_3 2_3 fusion-flex-column\" style=\"--awb-bg-blend:overlay;--awb-bg-size:cover;--awb-width-large:66.666666666667%;--awb-margin-top-large:0px;--awb-spacing-right-large:1.47%;--awb-margin-bottom-large:20px;--awb-spacing-left-large:1.47%;--awb-width-medium:66.666666666667%;--awb-spacing-right-medium:1.47%;--awb-spacing-left-medium:1.47%;--awb-width-small:100%;--awb-spacing-right-small:0.98%;--awb-spacing-left-small:0.98%;\"><div class=\"fusion-column-wrapper fusion-flex-justify-content-flex-start fusion-content-layout-column\"><div class=\"fusion-text fusion-text-1\"><p>A trav\u00e9s de acciones concretas enfocadas en comunidades, educaci\u00f3n, infraestructura y emprendedurismo, reafirmamos nuestro modelo de miner\u00eda responsable y nuestro compromiso territorial de largo plazo.<\/p>\n<p><b>Salta, enero de 2026<\/b>\u00a0\u2013 En Eramet Eramine finalizamos el a\u00f1o 2025 con una evaluaci\u00f3n altamente positiva de nuestra gesti\u00f3n social y territorial en la provincia de Salta, consolidando un modelo operativo basado en el di\u00e1logo, la sostenibilidad y la creaci\u00f3n de valor compartido con las comunidades de nuestra \u00e1rea de influencia.<\/p>\n<p>En l\u00ednea con el desarrollo responsable de recursos esenciales para la transici\u00f3n energ\u00e9tica y bajo el lema\u00a0<b>\u201cComprometidos con los metales sustentables\u201d<\/b>, impulsamos una agenda integral de iniciativas orientadas a fortalecer el desarrollo local, mejorar la calidad de vida y promover un crecimiento inclusivo.<\/p>\n<p>A lo largo del a\u00f1o, implementamos proyectos enfocados en educaci\u00f3n, infraestructura comunitaria, emprendedurismo y desarrollo productivo, todos alineados con los Objetivos de Desarrollo Sostenible (ODS) de las Naciones Unidas. Estas iniciativas generaron resultados concretos y reforzaron nuestro compromiso de largo plazo con la regi\u00f3n.<\/p>\n<p>Un pilar clave de este enfoque es el programa corporativo\u00a0<b>\u201cEramet Beyond for Contributive Impacts\u201d<\/b>, a trav\u00e9s del cual buscamos fomentar econom\u00edas locales sostenibles mediante tres ejes centrales: diversificaci\u00f3n econ\u00f3mica, reducci\u00f3n de desigualdades y resiliencia ambiental. Este programa se implementa en estrecha articulaci\u00f3n con ONG locales y organizaciones sociales, asegurando que las iniciativas respondan a las necesidades y realidades espec\u00edficas de cada comunidad.<\/p>\n<p>Al combinar excelencia operativa con un fuerte compromiso social, continuamos posicion\u00e1ndonos como una compa\u00f1\u00eda minera responsable, profundamente integrada al territorio y enfocada en generar valor duradero para las generaciones presentes y futuras.<\/p>\n<\/div><\/div><\/div><div class=\"fusion-layout-column fusion_builder_column fusion-builder-column-1 fusion_builder_column_2_3 2_3 fusion-flex-column\" style=\"--awb-bg-blend:overlay;--awb-bg-size:cover;--awb-width-large:66.666666666667%;--awb-margin-top-large:0px;--awb-spacing-right-large:1.47%;--awb-margin-bottom-large:20px;--awb-spacing-left-large:1.47%;--awb-width-medium:66.666666666667%;--awb-spacing-right-medium:1.47%;--awb-spacing-left-medium:1.47%;--awb-width-small:100%;--awb-spacing-right-small:0.98%;--awb-spacing-left-small:0.98%;\"><div class=\"fusion-column-wrapper fusion-flex-justify-content-flex-start fusion-content-layout-column\"><div class=\"fusion-text fusion-text-2\"><h2><b>Impacto concreto en el territorio<\/b><\/h2>\n<p>Durante 2025 desarrollamos en Salta proyectos estructurados en cuatro ejes estrat\u00e9gicos \u2014emprendedurismo, infraestructura, calidad de vida y educaci\u00f3n\u2014 alcanzando resultados medibles:<\/p>\n<ul>\n<li>M\u00e1s de\u00a0<b>138 adultos<\/b>\u00a0capacitados en habilidades emprendedoras y gesti\u00f3n de negocios.<\/li>\n<li><b>179 estudiantes<\/b>\u00a0participaron del programa Semillero Emprendedor en la ciudad de Salta y en San Antonio de los Cobres.<\/li>\n<li>Entregamos\u00a0<b>9.080 kg de alfalfa<\/b>,\u00a0<b>4.840 kg de ma\u00edz<\/b>\u00a0y\u00a0<b>33.412 kg de residuos org\u00e1nicos valorizados<\/b>\u00a0a trav\u00e9s del Programa de Ganader\u00eda en Altura.<\/li>\n<li><b>25 personas<\/b>\u00a0se capacitaron en producci\u00f3n agr\u00edcola sostenible mediante proyectos de invernaderos.<\/li>\n<li>Instalamos\u00a0<b>internet satelital en ocho puestos rurales<\/b>, mejorando la conectividad de familias en zonas aisladas.<\/li>\n<li>Otorgamos\u00a0<b>40 becas educativas<\/b>\u00a0de nivel secundario, terciario y universitario, en alianza con Fundaci\u00f3n Anpuy, la Universidad Nacional de Salta y otras instituciones.<\/li>\n<li><b>76 personas<\/b>\u00a0de Santa Rosa de los Pastos Grandes, Salar de Pocitos y Tolar Grande se inscribieron en programas de formaci\u00f3n virtual en idioma ingl\u00e9s.<\/li>\n<li>Prove\u00edmos m\u00e1s de\u00a0<b>200.000 litros de agua para saneamiento<\/b>\u00a0y\u00a0<b>5.328 litros de agua potable<\/b>, garantizando acceso seguro al 100% de las familias de los salares Centenario y Ratones.<\/li>\n<\/ul>\n<h2><b>Desarrollo productivo y fortalecimiento comunitario<\/b><\/h2>\n<p>Consolidamos el eje de emprendedurismo a trav\u00e9s de los programas\u00a0<b>C\u00edrculo Emprendedor<\/b>\u00a0y\u00a0<b>Semillero Emprendedor<\/b>, implementados en distintas localidades de la provincia con foco en proyectos de triple impacto. Estas iniciativas promovieron la autonom\u00eda econ\u00f3mica y la generaci\u00f3n de empleo m\u00e1s all\u00e1 de la cadena de valor minera, fortaleciendo la resiliencia local a largo plazo.<\/p>\n<p>En materia de infraestructura, avanzamos en mejoras habitacionales, monitoreo de calefones solares y ampliaci\u00f3n de la conectividad digital, respetando siempre las pr\u00e1cticas constructivas tradicionales y las condiciones ambientales propias de la Puna.<\/p>\n<p>El eje de calidad de vida incluy\u00f3 acciones sostenidas para garantizar el acceso al agua, apoyo alimentario, provisi\u00f3n de le\u00f1a para calefacci\u00f3n y acompa\u00f1amiento continuo a las familias ganaderas, cuyos medios de vida son centrales para la econom\u00eda local.<\/p>\n<h2><b>La educaci\u00f3n como motor de futuro<\/b><\/h2>\n<p>La educaci\u00f3n continu\u00f3 siendo un pilar fundamental de nuestra estrategia social. Durante el a\u00f1o fortalecimos programas de becas, pasant\u00edas remuneradas, formaci\u00f3n en oficios, capacitaciones en operaci\u00f3n segura de maquinaria vial y alianzas con organizaciones como Junior Achievement, universidades e instituciones educativas.<\/p>\n<p>Estas acciones ampliaron el acceso a la educaci\u00f3n, mejoraron la empleabilidad local y profundizaron el v\u00ednculo entre el \u00e1mbito acad\u00e9mico y el mundo del trabajo.<\/p>\n<h2><b>Presencia activa y di\u00e1logo permanente<\/b><\/h2>\n<p>Adem\u00e1s de los programas estructurados, acompa\u00f1amos actividades culturales, festividades tradicionales y eventos comunitarios en Santa Rosa de los Pastos Grandes, San Antonio de los Cobres y otras localidades, reafirmando una presencia cercana y sostenida en el territorio.<\/p>\n<p>Este trabajo se complement\u00f3 con mecanismos permanentes de di\u00e1logo, como asambleas comunitarias, mesas sociales, canales de consulta y monitoreos ambientales participativos, garantizando transparencia y una interacci\u00f3n continua con los actores locales.<\/p>\n<h2><b>Cierre de a\u00f1o con mirada de largo plazo<\/b><\/h2>\n<p>Al cierre de 2025 reafirmamos nuestro compromiso con una miner\u00eda responsable, plenamente integrada al territorio y orientada al desarrollo sostenible, convencidos de que el crecimiento industrial solo es posible cuando avanza de la mano del bienestar de las personas y el cuidado del entorno.<\/p>\n<p>Con una visi\u00f3n de largo plazo, continuamos trabajando junto a las comunidades de la Puna salte\u00f1a, construyendo relaciones basadas en el respeto, la escucha activa y la colaboraci\u00f3n, y consolidando nuestro rol como actor clave en la transici\u00f3n energ\u00e9tica a trav\u00e9s del desarrollo responsable de los recursos de litio, esenciales para un futuro m\u00e1s sustentable.<\/p>\n<\/div><\/div><\/div><\/div><\/div>\n","protected":false},"excerpt":{"rendered":"","protected":false},"author":51,"featured_media":53036,"comment_status":"open","ping_status":"open","sticky":false,"template":"","format":"standard","meta":{"footnotes":""},"categories":[2],"tags":[76,92,102,86],"class_list":["post-53054","post","type-post","status-publish","format-standard","has-post-thumbnail","hentry","category-media-es","tag-compromisos","tag-comunidades","tag-desarrollo","tag-local-es","nature-noticias"],"yoast_head":"<!-- This site is optimized with the Yoast SEO plugin v26.8 - https:\/\/yoast.com\/product\/yoast-seo-wordpress\/ -->\n<title>Cerramos 2025 consolidando nuestro compromiso con el desarrollo sostenible en la Puna salte\u00f1a - Eramet Eramine<\/title>\n<meta name=\"description\" content=\"Cerramos 2025 fortaleciendo nuestro compromiso con el desarrollo sostenible en la Puna salte\u00f1a, impulsando proyectos comunitarios, educaci\u00f3n\" \/>\n<meta name=\"robots\" content=\"index, follow, max-snippet:-1, max-image-preview:large, max-video-preview:-1\" \/>\n<link rel=\"canonical\" href=\"https:\/\/eramine.eramet.com\/es\/media-es\/cerramos-2025-consolidando-nuestro-compromiso-con-el-desarrollo-sostenible-en-la-puna-saltena\/\" \/>\n<meta property=\"og:locale\" content=\"es_ES\" \/>\n<meta property=\"og:type\" content=\"article\" \/>\n<meta property=\"og:title\" content=\"Cerramos 2025 consolidando nuestro compromiso con el desarrollo sostenible en la Puna salte\u00f1a - Eramet Eramine\" \/>\n<meta property=\"og:description\" content=\"Cerramos 2025 fortaleciendo nuestro compromiso con el desarrollo sostenible en la Puna salte\u00f1a, impulsando proyectos comunitarios, educaci\u00f3n\" \/>\n<meta property=\"og:url\" content=\"https:\/\/eramine.eramet.com\/es\/media-es\/cerramos-2025-consolidando-nuestro-compromiso-con-el-desarrollo-sostenible-en-la-puna-saltena\/\" \/>\n<meta property=\"og:site_name\" content=\"Eramet Eramine\" \/>\n<meta property=\"article:published_time\" content=\"2026-01-02T17:15:47+00:00\" \/>\n<meta property=\"article:modified_time\" content=\"2026-01-28T12:59:05+00:00\" \/>\n<meta property=\"og:image\" content=\"https:\/\/eramine.eramet.com\/wp-content\/uploads\/sites\/23\/2025\/11\/2026-01-02-Eramine-Desarrollo-sostenible-en-la-Puna-saltena-3.jpg\" \/>\n\t<meta property=\"og:image:width\" content=\"968\" \/>\n\t<meta property=\"og:image:height\" content=\"545\" \/>\n\t<meta property=\"og:image:type\" content=\"image\/jpeg\" \/>\n<meta name=\"author\" content=\"smeite\" \/>\n<meta name=\"twitter:card\" content=\"summary_large_image\" \/>\n<meta name=\"twitter:label1\" content=\"Escrito por\" \/>\n\t<meta name=\"twitter:data1\" content=\"smeite\" \/>\n\t<meta name=\"twitter:label2\" content=\"Tiempo de lectura\" \/>\n\t<meta name=\"twitter:data2\" content=\"5 minutos\" \/>\n<script type=\"application\/ld+json\" class=\"yoast-schema-graph\">{\"@context\":\"https:\/\/schema.org\",\"@graph\":[{\"@type\":\"Article\",\"@id\":\"https:\/\/eramine.eramet.com\/es\/media-es\/cerramos-2025-consolidando-nuestro-compromiso-con-el-desarrollo-sostenible-en-la-puna-saltena\/#article\",\"isPartOf\":{\"@id\":\"https:\/\/eramine.eramet.com\/es\/media-es\/cerramos-2025-consolidando-nuestro-compromiso-con-el-desarrollo-sostenible-en-la-puna-saltena\/\"},\"author\":{\"name\":\"smeite\",\"@id\":\"https:\/\/eramine.eramet.com\/es\/#\/schema\/person\/75fb5a126f0dd5f5275c421f66b23f93\"},\"headline\":\"Cerramos 2025 consolidando nuestro compromiso con el desarrollo sostenible en la Puna salte\u00f1a\",\"datePublished\":\"2026-01-02T17:15:47+00:00\",\"dateModified\":\"2026-01-28T12:59:05+00:00\",\"mainEntityOfPage\":{\"@id\":\"https:\/\/eramine.eramet.com\/es\/media-es\/cerramos-2025-consolidando-nuestro-compromiso-con-el-desarrollo-sostenible-en-la-puna-saltena\/\"},\"wordCount\":1072,\"commentCount\":0,\"image\":{\"@id\":\"https:\/\/eramine.eramet.com\/es\/media-es\/cerramos-2025-consolidando-nuestro-compromiso-con-el-desarrollo-sostenible-en-la-puna-saltena\/#primaryimage\"},\"thumbnailUrl\":\"https:\/\/eramine.eramet.com\/wp-content\/uploads\/sites\/23\/2025\/11\/2026-01-02-Eramine-Desarrollo-sostenible-en-la-Puna-saltena-3.jpg\",\"keywords\":[\"Compromisos\",\"Comunidades\",\"Desarrollo\",\"Local\"],\"articleSection\":[\"Media\"],\"inLanguage\":\"es\",\"potentialAction\":[{\"@type\":\"CommentAction\",\"name\":\"Comment\",\"target\":[\"https:\/\/eramine.eramet.com\/es\/media-es\/cerramos-2025-consolidando-nuestro-compromiso-con-el-desarrollo-sostenible-en-la-puna-saltena\/#respond\"]}]},{\"@type\":\"WebPage\",\"@id\":\"https:\/\/eramine.eramet.com\/es\/media-es\/cerramos-2025-consolidando-nuestro-compromiso-con-el-desarrollo-sostenible-en-la-puna-saltena\/\",\"url\":\"https:\/\/eramine.eramet.com\/es\/media-es\/cerramos-2025-consolidando-nuestro-compromiso-con-el-desarrollo-sostenible-en-la-puna-saltena\/\",\"name\":\"Cerramos 2025 consolidando nuestro compromiso con el desarrollo sostenible en la Puna salte\u00f1a - Eramet Eramine\",\"isPartOf\":{\"@id\":\"https:\/\/eramine.eramet.com\/es\/#website\"},\"primaryImageOfPage\":{\"@id\":\"https:\/\/eramine.eramet.com\/es\/media-es\/cerramos-2025-consolidando-nuestro-compromiso-con-el-desarrollo-sostenible-en-la-puna-saltena\/#primaryimage\"},\"image\":{\"@id\":\"https:\/\/eramine.eramet.com\/es\/media-es\/cerramos-2025-consolidando-nuestro-compromiso-con-el-desarrollo-sostenible-en-la-puna-saltena\/#primaryimage\"},\"thumbnailUrl\":\"https:\/\/eramine.eramet.com\/wp-content\/uploads\/sites\/23\/2025\/11\/2026-01-02-Eramine-Desarrollo-sostenible-en-la-Puna-saltena-3.jpg\",\"datePublished\":\"2026-01-02T17:15:47+00:00\",\"dateModified\":\"2026-01-28T12:59:05+00:00\",\"author\":{\"@id\":\"https:\/\/eramine.eramet.com\/es\/#\/schema\/person\/75fb5a126f0dd5f5275c421f66b23f93\"},\"description\":\"Cerramos 2025 fortaleciendo nuestro compromiso con el desarrollo sostenible en la Puna salte\u00f1a, impulsando proyectos comunitarios, educaci\u00f3n\",\"breadcrumb\":{\"@id\":\"https:\/\/eramine.eramet.com\/es\/media-es\/cerramos-2025-consolidando-nuestro-compromiso-con-el-desarrollo-sostenible-en-la-puna-saltena\/#breadcrumb\"},\"inLanguage\":\"es\",\"potentialAction\":[{\"@type\":\"ReadAction\",\"target\":[\"https:\/\/eramine.eramet.com\/es\/media-es\/cerramos-2025-consolidando-nuestro-compromiso-con-el-desarrollo-sostenible-en-la-puna-saltena\/\"]}]},{\"@type\":\"ImageObject\",\"inLanguage\":\"es\",\"@id\":\"https:\/\/eramine.eramet.com\/es\/media-es\/cerramos-2025-consolidando-nuestro-compromiso-con-el-desarrollo-sostenible-en-la-puna-saltena\/#primaryimage\",\"url\":\"https:\/\/eramine.eramet.com\/wp-content\/uploads\/sites\/23\/2025\/11\/2026-01-02-Eramine-Desarrollo-sostenible-en-la-Puna-saltena-3.jpg\",\"contentUrl\":\"https:\/\/eramine.eramet.com\/wp-content\/uploads\/sites\/23\/2025\/11\/2026-01-02-Eramine-Desarrollo-sostenible-en-la-Puna-saltena-3.jpg\",\"width\":968,\"height\":545},{\"@type\":\"BreadcrumbList\",\"@id\":\"https:\/\/eramine.eramet.com\/es\/media-es\/cerramos-2025-consolidando-nuestro-compromiso-con-el-desarrollo-sostenible-en-la-puna-saltena\/#breadcrumb\",\"itemListElement\":[{\"@type\":\"ListItem\",\"position\":1,\"name\":\"Home\",\"item\":\"https:\/\/eramine.eramet.com\/es\/\"},{\"@type\":\"ListItem\",\"position\":2,\"name\":\"Cerramos 2025 consolidando nuestro compromiso con el desarrollo sostenible en la Puna salte\u00f1a\"}]},{\"@type\":\"WebSite\",\"@id\":\"https:\/\/eramine.eramet.com\/es\/#website\",\"url\":\"https:\/\/eramine.eramet.com\/es\/\",\"name\":\"Eramet Eramine\",\"description\":\"\",\"potentialAction\":[{\"@type\":\"SearchAction\",\"target\":{\"@type\":\"EntryPoint\",\"urlTemplate\":\"https:\/\/eramine.eramet.com\/es\/?s={search_term_string}\"},\"query-input\":{\"@type\":\"PropertyValueSpecification\",\"valueRequired\":true,\"valueName\":\"search_term_string\"}}],\"inLanguage\":\"es\"},{\"@type\":\"Person\",\"@id\":\"https:\/\/eramine.eramet.com\/es\/#\/schema\/person\/75fb5a126f0dd5f5275c421f66b23f93\",\"name\":\"smeite\",\"image\":{\"@type\":\"ImageObject\",\"inLanguage\":\"es\",\"@id\":\"https:\/\/eramine.eramet.com\/es\/#\/schema\/person\/image\/\",\"url\":\"https:\/\/secure.gravatar.com\/avatar\/5bb85477936f469a5256e6bc6d5e787a?s=96&d=mm&r=g\",\"contentUrl\":\"https:\/\/secure.gravatar.com\/avatar\/5bb85477936f469a5256e6bc6d5e787a?s=96&d=mm&r=g\",\"caption\":\"smeite\"},\"url\":\"https:\/\/eramine.eramet.com\/es\/author\/smeite\/\"}]}<\/script>\n<!-- \/ Yoast SEO plugin. -->","yoast_head_json":{"title":"Cerramos 2025 consolidando nuestro compromiso con el desarrollo sostenible en la Puna salte\u00f1a - Eramet Eramine","description":"Cerramos 2025 fortaleciendo nuestro compromiso con el desarrollo sostenible en la Puna salte\u00f1a, impulsando proyectos comunitarios, educaci\u00f3n","robots":{"index":"index","follow":"follow","max-snippet":"max-snippet:-1","max-image-preview":"max-image-preview:large","max-video-preview":"max-video-preview:-1"},"canonical":"https:\/\/eramine.eramet.com\/es\/media-es\/cerramos-2025-consolidando-nuestro-compromiso-con-el-desarrollo-sostenible-en-la-puna-saltena\/","og_locale":"es_ES","og_type":"article","og_title":"Cerramos 2025 consolidando nuestro compromiso con el desarrollo sostenible en la Puna salte\u00f1a - Eramet Eramine","og_description":"Cerramos 2025 fortaleciendo nuestro compromiso con el desarrollo sostenible en la Puna salte\u00f1a, impulsando proyectos comunitarios, educaci\u00f3n","og_url":"https:\/\/eramine.eramet.com\/es\/media-es\/cerramos-2025-consolidando-nuestro-compromiso-con-el-desarrollo-sostenible-en-la-puna-saltena\/","og_site_name":"Eramet Eramine","article_published_time":"2026-01-02T17:15:47+00:00","article_modified_time":"2026-01-28T12:59:05+00:00","og_image":[{"width":968,"height":545,"url":"https:\/\/eramine.eramet.com\/wp-content\/uploads\/sites\/23\/2025\/11\/2026-01-02-Eramine-Desarrollo-sostenible-en-la-Puna-saltena-3.jpg","type":"image\/jpeg"}],"author":"smeite","twitter_card":"summary_large_image","twitter_misc":{"Escrito por":"smeite","Tiempo de lectura":"5 minutos"},"schema":{"@context":"https:\/\/schema.org","@graph":[{"@type":"Article","@id":"https:\/\/eramine.eramet.com\/es\/media-es\/cerramos-2025-consolidando-nuestro-compromiso-con-el-desarrollo-sostenible-en-la-puna-saltena\/#article","isPartOf":{"@id":"https:\/\/eramine.eramet.com\/es\/media-es\/cerramos-2025-consolidando-nuestro-compromiso-con-el-desarrollo-sostenible-en-la-puna-saltena\/"},"author":{"name":"smeite","@id":"https:\/\/eramine.eramet.com\/es\/#\/schema\/person\/75fb5a126f0dd5f5275c421f66b23f93"},"headline":"Cerramos 2025 consolidando nuestro compromiso con el desarrollo sostenible en la Puna salte\u00f1a","datePublished":"2026-01-02T17:15:47+00:00","dateModified":"2026-01-28T12:59:05+00:00","mainEntityOfPage":{"@id":"https:\/\/eramine.eramet.com\/es\/media-es\/cerramos-2025-consolidando-nuestro-compromiso-con-el-desarrollo-sostenible-en-la-puna-saltena\/"},"wordCount":1072,"commentCount":0,"image":{"@id":"https:\/\/eramine.eramet.com\/es\/media-es\/cerramos-2025-consolidando-nuestro-compromiso-con-el-desarrollo-sostenible-en-la-puna-saltena\/#primaryimage"},"thumbnailUrl":"https:\/\/eramine.eramet.com\/wp-content\/uploads\/sites\/23\/2025\/11\/2026-01-02-Eramine-Desarrollo-sostenible-en-la-Puna-saltena-3.jpg","keywords":["Compromisos","Comunidades","Desarrollo","Local"],"articleSection":["Media"],"inLanguage":"es","potentialAction":[{"@type":"CommentAction","name":"Comment","target":["https:\/\/eramine.eramet.com\/es\/media-es\/cerramos-2025-consolidando-nuestro-compromiso-con-el-desarrollo-sostenible-en-la-puna-saltena\/#respond"]}]},{"@type":"WebPage","@id":"https:\/\/eramine.eramet.com\/es\/media-es\/cerramos-2025-consolidando-nuestro-compromiso-con-el-desarrollo-sostenible-en-la-puna-saltena\/","url":"https:\/\/eramine.eramet.com\/es\/media-es\/cerramos-2025-consolidando-nuestro-compromiso-con-el-desarrollo-sostenible-en-la-puna-saltena\/","name":"Cerramos 2025 consolidando nuestro compromiso con el desarrollo sostenible en la Puna salte\u00f1a - Eramet Eramine","isPartOf":{"@id":"https:\/\/eramine.eramet.com\/es\/#website"},"primaryImageOfPage":{"@id":"https:\/\/eramine.eramet.com\/es\/media-es\/cerramos-2025-consolidando-nuestro-compromiso-con-el-desarrollo-sostenible-en-la-puna-saltena\/#primaryimage"},"image":{"@id":"https:\/\/eramine.eramet.com\/es\/media-es\/cerramos-2025-consolidando-nuestro-compromiso-con-el-desarrollo-sostenible-en-la-puna-saltena\/#primaryimage"},"thumbnailUrl":"https:\/\/eramine.eramet.com\/wp-content\/uploads\/sites\/23\/2025\/11\/2026-01-02-Eramine-Desarrollo-sostenible-en-la-Puna-saltena-3.jpg","datePublished":"2026-01-02T17:15:47+00:00","dateModified":"2026-01-28T12:59:05+00:00","author":{"@id":"https:\/\/eramine.eramet.com\/es\/#\/schema\/person\/75fb5a126f0dd5f5275c421f66b23f93"},"description":"Cerramos 2025 fortaleciendo nuestro compromiso con el desarrollo sostenible en la Puna salte\u00f1a, impulsando proyectos comunitarios, educaci\u00f3n","breadcrumb":{"@id":"https:\/\/eramine.eramet.com\/es\/media-es\/cerramos-2025-consolidando-nuestro-compromiso-con-el-desarrollo-sostenible-en-la-puna-saltena\/#breadcrumb"},"inLanguage":"es","potentialAction":[{"@type":"ReadAction","target":["https:\/\/eramine.eramet.com\/es\/media-es\/cerramos-2025-consolidando-nuestro-compromiso-con-el-desarrollo-sostenible-en-la-puna-saltena\/"]}]},{"@type":"ImageObject","inLanguage":"es","@id":"https:\/\/eramine.eramet.com\/es\/media-es\/cerramos-2025-consolidando-nuestro-compromiso-con-el-desarrollo-sostenible-en-la-puna-saltena\/#primaryimage","url":"https:\/\/eramine.eramet.com\/wp-content\/uploads\/sites\/23\/2025\/11\/2026-01-02-Eramine-Desarrollo-sostenible-en-la-Puna-saltena-3.jpg","contentUrl":"https:\/\/eramine.eramet.com\/wp-content\/uploads\/sites\/23\/2025\/11\/2026-01-02-Eramine-Desarrollo-sostenible-en-la-Puna-saltena-3.jpg","width":968,"height":545},{"@type":"BreadcrumbList","@id":"https:\/\/eramine.eramet.com\/es\/media-es\/cerramos-2025-consolidando-nuestro-compromiso-con-el-desarrollo-sostenible-en-la-puna-saltena\/#breadcrumb","itemListElement":[{"@type":"ListItem","position":1,"name":"Home","item":"https:\/\/eramine.eramet.com\/es\/"},{"@type":"ListItem","position":2,"name":"Cerramos 2025 consolidando nuestro compromiso con el desarrollo sostenible en la Puna salte\u00f1a"}]},{"@type":"WebSite","@id":"https:\/\/eramine.eramet.com\/es\/#website","url":"https:\/\/eramine.eramet.com\/es\/","name":"Eramet Eramine","description":"","potentialAction":[{"@type":"SearchAction","target":{"@type":"EntryPoint","urlTemplate":"https:\/\/eramine.eramet.com\/es\/?s={search_term_string}"},"query-input":{"@type":"PropertyValueSpecification","valueRequired":true,"valueName":"search_term_string"}}],"inLanguage":"es"},{"@type":"Person","@id":"https:\/\/eramine.eramet.com\/es\/#\/schema\/person\/75fb5a126f0dd5f5275c421f66b23f93","name":"smeite","image":{"@type":"ImageObject","inLanguage":"es","@id":"https:\/\/eramine.eramet.com\/es\/#\/schema\/person\/image\/","url":"https:\/\/secure.gravatar.com\/avatar\/5bb85477936f469a5256e6bc6d5e787a?s=96&d=mm&r=g","contentUrl":"https:\/\/secure.gravatar.com\/avatar\/5bb85477936f469a5256e6bc6d5e787a?s=96&d=mm&r=g","caption":"smeite"},"url":"https:\/\/eramine.eramet.com\/es\/author\/smeite\/"}]}},"acf":[],"_links":{"self":[{"href":"https:\/\/eramine.eramet.com\/es\/wp-json\/wp\/v2\/posts\/53054","targetHints":{"allow":["GET"]}}],"collection":[{"href":"https:\/\/eramine.eramet.com\/es\/wp-json\/wp\/v2\/posts"}],"about":[{"href":"https:\/\/eramine.eramet.com\/es\/wp-json\/wp\/v2\/types\/post"}],"author":[{"embeddable":true,"href":"https:\/\/eramine.eramet.com\/es\/wp-json\/wp\/v2\/users\/51"}],"replies":[{"embeddable":true,"href":"https:\/\/eramine.eramet.com\/es\/wp-json\/wp\/v2\/comments?post=53054"}],"version-history":[{"count":3,"href":"https:\/\/eramine.eramet.com\/es\/wp-json\/wp\/v2\/posts\/53054\/revisions"}],"predecessor-version":[{"id":53057,"href":"https:\/\/eramine.eramet.com\/es\/wp-json\/wp\/v2\/posts\/53054\/revisions\/53057"}],"wp:featuredmedia":[{"embeddable":true,"href":"https:\/\/eramine.eramet.com\/es\/wp-json\/wp\/v2\/media\/53036"}],"wp:attachment":[{"href":"https:\/\/eramine.eramet.com\/es\/wp-json\/wp\/v2\/media?parent=53054"}],"wp:term":[{"taxonomy":"category","embeddable":true,"href":"https:\/\/eramine.eramet.com\/es\/wp-json\/wp\/v2\/categories?post=53054"},{"taxonomy":"post_tag","embeddable":true,"href":"https:\/\/eramine.eramet.com\/es\/wp-json\/wp\/v2\/tags?post=53054"}],"curies":[{"name":"wp","href":"https:\/\/api.w.org\/{rel}","templated":true}]}}