{"id":53582,"date":"2026-04-10T12:00:02","date_gmt":"2026-04-10T15:00:02","guid":{"rendered":"https:\/\/eramine.eramet.ovh\/?p=53582"},"modified":"2026-04-21T05:31:08","modified_gmt":"2026-04-21T08:31:08","slug":"acompanamos-el-inicio-del-ciclo-lectivo-minero-2026-en-salta","status":"publish","type":"post","link":"https:\/\/eramine.eramet.com\/es\/media-es\/acompanamos-el-inicio-del-ciclo-lectivo-minero-2026-en-salta\/","title":{"rendered":"Acompa\u00f1amos el inicio del ciclo lectivo minero 2026 en Salta"},"content":{"rendered":"<div class=\"fusion-fullwidth fullwidth-box fusion-builder-row-1 fusion-flex-container has-pattern-background has-mask-background nonhundred-percent-fullwidth non-hundred-percent-height-scrolling\" style=\"--awb-border-radius-top-left:0px;--awb-border-radius-top-right:0px;--awb-border-radius-bottom-right:0px;--awb-border-radius-bottom-left:0px;--awb-flex-wrap:wrap;\" ><div class=\"fusion-builder-row fusion-row fusion-flex-align-items-flex-start fusion-flex-justify-content-center fusion-flex-content-wrap\" style=\"max-width:1468.8px;margin-left: calc(-2% \/ 2 );margin-right: calc(-2% \/ 2 );\"><div class=\"fusion-layout-column fusion_builder_column fusion-builder-column-0 fusion_builder_column_2_3 2_3 fusion-flex-column\" style=\"--awb-bg-size:cover;--awb-width-large:66.666666666667%;--awb-margin-top-large:0px;--awb-spacing-right-large:1.47%;--awb-margin-bottom-large:20px;--awb-spacing-left-large:1.47%;--awb-width-medium:66.666666666667%;--awb-order-medium:0;--awb-spacing-right-medium:1.47%;--awb-spacing-left-medium:1.47%;--awb-width-small:100%;--awb-order-small:0;--awb-spacing-right-small:0.98%;--awb-spacing-left-small:0.98%;\"><div class=\"fusion-column-wrapper fusion-column-has-shadow fusion-flex-justify-content-flex-start fusion-content-layout-column\"><div class=\"fusion-text fusion-text-1\"><div class=\"post-content\">\n<p>Desde Eramet Eramine acompa\u00f1amos la apertura del <strong>ciclo lectivo 2026<\/strong> de la propuesta formativa en miner\u00eda de la <strong>Universidad Provincial de la Administraci\u00f3n, Tecnolog\u00eda y Oficios (UPATECO)<\/strong>, realizada en la Casa de la Cultura de Salta, que reuni\u00f3 a autoridades provinciales, representantes del sector minero y m\u00e1s de <strong>2.300 estudiantes<\/strong> que iniciaron su formaci\u00f3n en carreras vinculadas a la actividad. El acto estuvo encabezado por el gobernador de la provincia, <strong>Gustavo Saenz<\/strong>, junto a autoridades del \u00e1mbito educativo y minero.<\/p>\n<div class=\"post-content\">\n<p><strong>Acompa\u00f1amos el inicio del ciclo lectivo minero 2026 en Salta y destacamos el rol de la formaci\u00f3n t\u00e9cnica para el desarrollo local<\/strong><\/p>\n<p>El inicio de las tecnicaturas en <strong>Procesamiento de Minerales, Laboratorio Geoqu\u00edmico Aplicado a la Miner\u00eda, Topograf\u00eda y Miner\u00eda aplicada a T\u00e9cnicas de Muestreo y Aseguramiento Muestral<\/strong> refleja el crecimiento de una oferta acad\u00e9mica orientada a responder a las necesidades actuales y futuras de la industria. En este contexto, se destac\u00f3 la importancia de fortalecer la articulaci\u00f3n entre el sistema educativo, el sector p\u00fablico y la industria minera para promover una formaci\u00f3n alineada con la realidad productiva.<\/p>\n<p>Durante la jornada, autoridades provinciales pusieron en valor el rol de la capacitaci\u00f3n t\u00e9cnica como herramienta central para impulsar el empleo local y acompa\u00f1ar el desarrollo de la actividad minera en la provincia. Asimismo, se remarc\u00f3 la necesidad de consolidar un modelo que permita traducir el crecimiento del sector en oportunidades concretas para los salte\u00f1os, promoviendo la formaci\u00f3n de perfiles t\u00e9cnicos con arraigo territorial.<\/p>\n<p>En l\u00ednea con esta visi\u00f3n, desde Eramine consideramos que el desarrollo sostenible de la miner\u00eda requiere no solo inversi\u00f3n y capacidades operativas, sino tambi\u00e9n la construcci\u00f3n de capital humano calificado. La formaci\u00f3n t\u00e9cnica constituye un pilar fundamental para garantizar la disponibilidad de talento local y fortalecer la integraci\u00f3n de las comunidades locales en la cadena de valor de la actividad.<\/p>\n<p>El perfil de los estudiantes, con una participaci\u00f3n significativa de j\u00f3venes provenientes del interior de la provincia, evidencia el alcance territorial de estas iniciativas y su potencial para generar oportunidades de desarrollo en distintas regiones de Salta. Este aspecto resulta clave en un contexto donde la miner\u00eda se consolida como uno de los sectores estrat\u00e9gicos para el crecimiento econ\u00f3mico provincial.<\/p>\n<p>El inicio de este nuevo ciclo lectivo se da en un escenario de expansi\u00f3n de la actividad minera, particularmente en proyectos vinculados a minerales cr\u00edticos para la transici\u00f3n energ\u00e9tica. En este marco, la formaci\u00f3n de recursos humanos adquiere un rol central para sostener un desarrollo equilibrado, que combine crecimiento productivo con inclusi\u00f3n social.<\/p>\n<p>Desde Eramet Eramine reafirmamos nuestro compromiso con el desarrollo de capacidades locales y con el fortalecimiento de iniciativas que promuevan la educaci\u00f3n t\u00e9cnica como motor de empleo y desarrollo en las comunidades donde operamos.<\/p>\n<\/div>\n<div class=\"fusion-meta-info\"><\/div>\n<\/div>\n<\/div><\/div><\/div><\/div><\/div>\n","protected":false},"excerpt":{"rendered":"","protected":false},"author":4,"featured_media":53580,"comment_status":"open","ping_status":"open","sticky":false,"template":"","format":"standard","meta":{"footnotes":""},"categories":[2],"tags":[102,86,114],"class_list":["post-53582","post","type-post","status-publish","format-standard","has-post-thumbnail","hentry","category-media-es","tag-desarrollo","tag-local-es","tag-salta","nature-noticias"],"yoast_head":"<!-- This site is optimized with the Yoast SEO plugin v26.8 - https:\/\/yoast.com\/product\/yoast-seo-wordpress\/ -->\n<title>Acompa\u00f1amos el inicio del ciclo lectivo minero 2026 en Salta - Eramet Eramine<\/title>\n<meta name=\"robots\" content=\"index, follow, max-snippet:-1, max-image-preview:large, max-video-preview:-1\" \/>\n<link rel=\"canonical\" href=\"https:\/\/eramine.eramet.com\/es\/media-es\/acompanamos-el-inicio-del-ciclo-lectivo-minero-2026-en-salta\/\" \/>\n<meta property=\"og:locale\" content=\"es_ES\" \/>\n<meta property=\"og:type\" content=\"article\" \/>\n<meta property=\"og:title\" content=\"Acompa\u00f1amos el inicio del ciclo lectivo minero 2026 en Salta - Eramet Eramine\" \/>\n<meta property=\"og:url\" content=\"https:\/\/eramine.eramet.com\/es\/media-es\/acompanamos-el-inicio-del-ciclo-lectivo-minero-2026-en-salta\/\" \/>\n<meta property=\"og:site_name\" content=\"Eramet Eramine\" \/>\n<meta property=\"article:published_time\" content=\"2026-04-10T15:00:02+00:00\" \/>\n<meta property=\"article:modified_time\" content=\"2026-04-21T08:31:08+00:00\" \/>\n<meta property=\"og:image\" content=\"https:\/\/eramine.eramet.com\/wp-content\/uploads\/sites\/23\/2026\/04\/2026-04-10-Eramine-Upateco-1.jpg\" \/>\n\t<meta property=\"og:image:width\" content=\"1280\" \/>\n\t<meta property=\"og:image:height\" content=\"720\" \/>\n\t<meta property=\"og:image:type\" content=\"image\/jpeg\" \/>\n<meta name=\"author\" content=\"Webmaster Eramet\" \/>\n<meta name=\"twitter:card\" content=\"summary_large_image\" \/>\n<meta name=\"twitter:label1\" content=\"Escrito por\" \/>\n\t<meta name=\"twitter:data1\" content=\"Webmaster Eramet\" \/>\n\t<meta name=\"twitter:label2\" content=\"Tiempo de lectura\" \/>\n\t<meta name=\"twitter:data2\" content=\"3 minutos\" \/>\n<script type=\"application\/ld+json\" class=\"yoast-schema-graph\">{\"@context\":\"https:\/\/schema.org\",\"@graph\":[{\"@type\":\"Article\",\"@id\":\"https:\/\/eramine.eramet.com\/es\/media-es\/acompanamos-el-inicio-del-ciclo-lectivo-minero-2026-en-salta\/#article\",\"isPartOf\":{\"@id\":\"https:\/\/eramine.eramet.com\/es\/media-es\/acompanamos-el-inicio-del-ciclo-lectivo-minero-2026-en-salta\/\"},\"author\":{\"name\":\"Webmaster Eramet\",\"@id\":\"https:\/\/eramine.eramet.com\/es\/#\/schema\/person\/22362891f603aee5700eb295a758390c\"},\"headline\":\"Acompa\u00f1amos el inicio del ciclo lectivo minero 2026 en Salta\",\"datePublished\":\"2026-04-10T15:00:02+00:00\",\"dateModified\":\"2026-04-21T08:31:08+00:00\",\"mainEntityOfPage\":{\"@id\":\"https:\/\/eramine.eramet.com\/es\/media-es\/acompanamos-el-inicio-del-ciclo-lectivo-minero-2026-en-salta\/\"},\"wordCount\":1538,\"commentCount\":0,\"image\":{\"@id\":\"https:\/\/eramine.eramet.com\/es\/media-es\/acompanamos-el-inicio-del-ciclo-lectivo-minero-2026-en-salta\/#primaryimage\"},\"thumbnailUrl\":\"https:\/\/eramine.eramet.com\/wp-content\/uploads\/sites\/23\/2026\/04\/2026-04-10-Eramine-Upateco-1.jpg\",\"keywords\":[\"Desarrollo\",\"Local\",\"Salta\"],\"articleSection\":[\"Media\"],\"inLanguage\":\"es\",\"potentialAction\":[{\"@type\":\"CommentAction\",\"name\":\"Comment\",\"target\":[\"https:\/\/eramine.eramet.com\/es\/media-es\/acompanamos-el-inicio-del-ciclo-lectivo-minero-2026-en-salta\/#respond\"]}]},{\"@type\":\"WebPage\",\"@id\":\"https:\/\/eramine.eramet.com\/es\/media-es\/acompanamos-el-inicio-del-ciclo-lectivo-minero-2026-en-salta\/\",\"url\":\"https:\/\/eramine.eramet.com\/es\/media-es\/acompanamos-el-inicio-del-ciclo-lectivo-minero-2026-en-salta\/\",\"name\":\"Acompa\u00f1amos el inicio del ciclo lectivo minero 2026 en Salta - Eramet Eramine\",\"isPartOf\":{\"@id\":\"https:\/\/eramine.eramet.com\/es\/#website\"},\"primaryImageOfPage\":{\"@id\":\"https:\/\/eramine.eramet.com\/es\/media-es\/acompanamos-el-inicio-del-ciclo-lectivo-minero-2026-en-salta\/#primaryimage\"},\"image\":{\"@id\":\"https:\/\/eramine.eramet.com\/es\/media-es\/acompanamos-el-inicio-del-ciclo-lectivo-minero-2026-en-salta\/#primaryimage\"},\"thumbnailUrl\":\"https:\/\/eramine.eramet.com\/wp-content\/uploads\/sites\/23\/2026\/04\/2026-04-10-Eramine-Upateco-1.jpg\",\"datePublished\":\"2026-04-10T15:00:02+00:00\",\"dateModified\":\"2026-04-21T08:31:08+00:00\",\"author\":{\"@id\":\"https:\/\/eramine.eramet.com\/es\/#\/schema\/person\/22362891f603aee5700eb295a758390c\"},\"breadcrumb\":{\"@id\":\"https:\/\/eramine.eramet.com\/es\/media-es\/acompanamos-el-inicio-del-ciclo-lectivo-minero-2026-en-salta\/#breadcrumb\"},\"inLanguage\":\"es\",\"potentialAction\":[{\"@type\":\"ReadAction\",\"target\":[\"https:\/\/eramine.eramet.com\/es\/media-es\/acompanamos-el-inicio-del-ciclo-lectivo-minero-2026-en-salta\/\"]}]},{\"@type\":\"ImageObject\",\"inLanguage\":\"es\",\"@id\":\"https:\/\/eramine.eramet.com\/es\/media-es\/acompanamos-el-inicio-del-ciclo-lectivo-minero-2026-en-salta\/#primaryimage\",\"url\":\"https:\/\/eramine.eramet.com\/wp-content\/uploads\/sites\/23\/2026\/04\/2026-04-10-Eramine-Upateco-1.jpg\",\"contentUrl\":\"https:\/\/eramine.eramet.com\/wp-content\/uploads\/sites\/23\/2026\/04\/2026-04-10-Eramine-Upateco-1.jpg\",\"width\":1280,\"height\":720},{\"@type\":\"BreadcrumbList\",\"@id\":\"https:\/\/eramine.eramet.com\/es\/media-es\/acompanamos-el-inicio-del-ciclo-lectivo-minero-2026-en-salta\/#breadcrumb\",\"itemListElement\":[{\"@type\":\"ListItem\",\"position\":1,\"name\":\"Home\",\"item\":\"https:\/\/eramine.eramet.com\/es\/\"},{\"@type\":\"ListItem\",\"position\":2,\"name\":\"Acompa\u00f1amos el inicio del ciclo lectivo minero 2026 en Salta\"}]},{\"@type\":\"WebSite\",\"@id\":\"https:\/\/eramine.eramet.com\/es\/#website\",\"url\":\"https:\/\/eramine.eramet.com\/es\/\",\"name\":\"Eramet Eramine\",\"description\":\"\",\"potentialAction\":[{\"@type\":\"SearchAction\",\"target\":{\"@type\":\"EntryPoint\",\"urlTemplate\":\"https:\/\/eramine.eramet.com\/es\/?s={search_term_string}\"},\"query-input\":{\"@type\":\"PropertyValueSpecification\",\"valueRequired\":true,\"valueName\":\"search_term_string\"}}],\"inLanguage\":\"es\"},{\"@type\":\"Person\",\"@id\":\"https:\/\/eramine.eramet.com\/es\/#\/schema\/person\/22362891f603aee5700eb295a758390c\",\"name\":\"Webmaster Eramet\",\"image\":{\"@type\":\"ImageObject\",\"inLanguage\":\"es\",\"@id\":\"https:\/\/eramine.eramet.com\/es\/#\/schema\/person\/image\/\",\"url\":\"https:\/\/secure.gravatar.com\/avatar\/11c9a87d42fae672200b0767deab3c0d?s=96&d=mm&r=g\",\"contentUrl\":\"https:\/\/secure.gravatar.com\/avatar\/11c9a87d42fae672200b0767deab3c0d?s=96&d=mm&r=g\",\"caption\":\"Webmaster Eramet\"},\"sameAs\":[\"http:\/\/eramet.com\"],\"url\":\"https:\/\/eramine.eramet.com\/es\/author\/eramet\/\"}]}<\/script>\n<!-- \/ Yoast SEO plugin. -->","yoast_head_json":{"title":"Acompa\u00f1amos el inicio del ciclo lectivo minero 2026 en Salta - Eramet Eramine","robots":{"index":"index","follow":"follow","max-snippet":"max-snippet:-1","max-image-preview":"max-image-preview:large","max-video-preview":"max-video-preview:-1"},"canonical":"https:\/\/eramine.eramet.com\/es\/media-es\/acompanamos-el-inicio-del-ciclo-lectivo-minero-2026-en-salta\/","og_locale":"es_ES","og_type":"article","og_title":"Acompa\u00f1amos el inicio del ciclo lectivo minero 2026 en Salta - Eramet Eramine","og_url":"https:\/\/eramine.eramet.com\/es\/media-es\/acompanamos-el-inicio-del-ciclo-lectivo-minero-2026-en-salta\/","og_site_name":"Eramet Eramine","article_published_time":"2026-04-10T15:00:02+00:00","article_modified_time":"2026-04-21T08:31:08+00:00","og_image":[{"width":1280,"height":720,"url":"https:\/\/eramine.eramet.com\/wp-content\/uploads\/sites\/23\/2026\/04\/2026-04-10-Eramine-Upateco-1.jpg","type":"image\/jpeg"}],"author":"Webmaster Eramet","twitter_card":"summary_large_image","twitter_misc":{"Escrito por":"Webmaster Eramet","Tiempo de lectura":"3 minutos"},"schema":{"@context":"https:\/\/schema.org","@graph":[{"@type":"Article","@id":"https:\/\/eramine.eramet.com\/es\/media-es\/acompanamos-el-inicio-del-ciclo-lectivo-minero-2026-en-salta\/#article","isPartOf":{"@id":"https:\/\/eramine.eramet.com\/es\/media-es\/acompanamos-el-inicio-del-ciclo-lectivo-minero-2026-en-salta\/"},"author":{"name":"Webmaster Eramet","@id":"https:\/\/eramine.eramet.com\/es\/#\/schema\/person\/22362891f603aee5700eb295a758390c"},"headline":"Acompa\u00f1amos el inicio del ciclo lectivo minero 2026 en Salta","datePublished":"2026-04-10T15:00:02+00:00","dateModified":"2026-04-21T08:31:08+00:00","mainEntityOfPage":{"@id":"https:\/\/eramine.eramet.com\/es\/media-es\/acompanamos-el-inicio-del-ciclo-lectivo-minero-2026-en-salta\/"},"wordCount":1538,"commentCount":0,"image":{"@id":"https:\/\/eramine.eramet.com\/es\/media-es\/acompanamos-el-inicio-del-ciclo-lectivo-minero-2026-en-salta\/#primaryimage"},"thumbnailUrl":"https:\/\/eramine.eramet.com\/wp-content\/uploads\/sites\/23\/2026\/04\/2026-04-10-Eramine-Upateco-1.jpg","keywords":["Desarrollo","Local","Salta"],"articleSection":["Media"],"inLanguage":"es","potentialAction":[{"@type":"CommentAction","name":"Comment","target":["https:\/\/eramine.eramet.com\/es\/media-es\/acompanamos-el-inicio-del-ciclo-lectivo-minero-2026-en-salta\/#respond"]}]},{"@type":"WebPage","@id":"https:\/\/eramine.eramet.com\/es\/media-es\/acompanamos-el-inicio-del-ciclo-lectivo-minero-2026-en-salta\/","url":"https:\/\/eramine.eramet.com\/es\/media-es\/acompanamos-el-inicio-del-ciclo-lectivo-minero-2026-en-salta\/","name":"Acompa\u00f1amos el inicio del ciclo lectivo minero 2026 en Salta - Eramet Eramine","isPartOf":{"@id":"https:\/\/eramine.eramet.com\/es\/#website"},"primaryImageOfPage":{"@id":"https:\/\/eramine.eramet.com\/es\/media-es\/acompanamos-el-inicio-del-ciclo-lectivo-minero-2026-en-salta\/#primaryimage"},"image":{"@id":"https:\/\/eramine.eramet.com\/es\/media-es\/acompanamos-el-inicio-del-ciclo-lectivo-minero-2026-en-salta\/#primaryimage"},"thumbnailUrl":"https:\/\/eramine.eramet.com\/wp-content\/uploads\/sites\/23\/2026\/04\/2026-04-10-Eramine-Upateco-1.jpg","datePublished":"2026-04-10T15:00:02+00:00","dateModified":"2026-04-21T08:31:08+00:00","author":{"@id":"https:\/\/eramine.eramet.com\/es\/#\/schema\/person\/22362891f603aee5700eb295a758390c"},"breadcrumb":{"@id":"https:\/\/eramine.eramet.com\/es\/media-es\/acompanamos-el-inicio-del-ciclo-lectivo-minero-2026-en-salta\/#breadcrumb"},"inLanguage":"es","potentialAction":[{"@type":"ReadAction","target":["https:\/\/eramine.eramet.com\/es\/media-es\/acompanamos-el-inicio-del-ciclo-lectivo-minero-2026-en-salta\/"]}]},{"@type":"ImageObject","inLanguage":"es","@id":"https:\/\/eramine.eramet.com\/es\/media-es\/acompanamos-el-inicio-del-ciclo-lectivo-minero-2026-en-salta\/#primaryimage","url":"https:\/\/eramine.eramet.com\/wp-content\/uploads\/sites\/23\/2026\/04\/2026-04-10-Eramine-Upateco-1.jpg","contentUrl":"https:\/\/eramine.eramet.com\/wp-content\/uploads\/sites\/23\/2026\/04\/2026-04-10-Eramine-Upateco-1.jpg","width":1280,"height":720},{"@type":"BreadcrumbList","@id":"https:\/\/eramine.eramet.com\/es\/media-es\/acompanamos-el-inicio-del-ciclo-lectivo-minero-2026-en-salta\/#breadcrumb","itemListElement":[{"@type":"ListItem","position":1,"name":"Home","item":"https:\/\/eramine.eramet.com\/es\/"},{"@type":"ListItem","position":2,"name":"Acompa\u00f1amos el inicio del ciclo lectivo minero 2026 en Salta"}]},{"@type":"WebSite","@id":"https:\/\/eramine.eramet.com\/es\/#website","url":"https:\/\/eramine.eramet.com\/es\/","name":"Eramet Eramine","description":"","potentialAction":[{"@type":"SearchAction","target":{"@type":"EntryPoint","urlTemplate":"https:\/\/eramine.eramet.com\/es\/?s={search_term_string}"},"query-input":{"@type":"PropertyValueSpecification","valueRequired":true,"valueName":"search_term_string"}}],"inLanguage":"es"},{"@type":"Person","@id":"https:\/\/eramine.eramet.com\/es\/#\/schema\/person\/22362891f603aee5700eb295a758390c","name":"Webmaster Eramet","image":{"@type":"ImageObject","inLanguage":"es","@id":"https:\/\/eramine.eramet.com\/es\/#\/schema\/person\/image\/","url":"https:\/\/secure.gravatar.com\/avatar\/11c9a87d42fae672200b0767deab3c0d?s=96&d=mm&r=g","contentUrl":"https:\/\/secure.gravatar.com\/avatar\/11c9a87d42fae672200b0767deab3c0d?s=96&d=mm&r=g","caption":"Webmaster Eramet"},"sameAs":["http:\/\/eramet.com"],"url":"https:\/\/eramine.eramet.com\/es\/author\/eramet\/"}]}},"acf":[],"_links":{"self":[{"href":"https:\/\/eramine.eramet.com\/es\/wp-json\/wp\/v2\/posts\/53582","targetHints":{"allow":["GET"]}}],"collection":[{"href":"https:\/\/eramine.eramet.com\/es\/wp-json\/wp\/v2\/posts"}],"about":[{"href":"https:\/\/eramine.eramet.com\/es\/wp-json\/wp\/v2\/types\/post"}],"author":[{"embeddable":true,"href":"https:\/\/eramine.eramet.com\/es\/wp-json\/wp\/v2\/users\/4"}],"replies":[{"embeddable":true,"href":"https:\/\/eramine.eramet.com\/es\/wp-json\/wp\/v2\/comments?post=53582"}],"version-history":[{"count":1,"href":"https:\/\/eramine.eramet.com\/es\/wp-json\/wp\/v2\/posts\/53582\/revisions"}],"predecessor-version":[{"id":53583,"href":"https:\/\/eramine.eramet.com\/es\/wp-json\/wp\/v2\/posts\/53582\/revisions\/53583"}],"wp:featuredmedia":[{"embeddable":true,"href":"https:\/\/eramine.eramet.com\/es\/wp-json\/wp\/v2\/media\/53580"}],"wp:attachment":[{"href":"https:\/\/eramine.eramet.com\/es\/wp-json\/wp\/v2\/media?parent=53582"}],"wp:term":[{"taxonomy":"category","embeddable":true,"href":"https:\/\/eramine.eramet.com\/es\/wp-json\/wp\/v2\/categories?post=53582"},{"taxonomy":"post_tag","embeddable":true,"href":"https:\/\/eramine.eramet.com\/es\/wp-json\/wp\/v2\/tags?post=53582"}],"curies":[{"name":"wp","href":"https:\/\/api.w.org\/{rel}","templated":true}]}}