{"id":53585,"date":"2026-04-15T12:00:29","date_gmt":"2026-04-15T15:00:29","guid":{"rendered":"https:\/\/eramine.eramet.ovh\/?p=53585"},"modified":"2026-04-21T05:41:54","modified_gmt":"2026-04-21T08:41:54","slug":"eramet-eramine-presento-los-resultados-del-monitoreo-ambiental-participativo-en-santa-rosa-de-los-pastos-grandes","status":"publish","type":"post","link":"https:\/\/eramine.eramet.com\/es\/media-es\/eramet-eramine-presento-los-resultados-del-monitoreo-ambiental-participativo-en-santa-rosa-de-los-pastos-grandes\/","title":{"rendered":"Eramet Eramine present\u00f3 los resultados del monitoreo ambiental participativo en Santa Rosa de los Pastos Grandes"},"content":{"rendered":"<div class=\"fusion-fullwidth fullwidth-box fusion-builder-row-1 fusion-flex-container has-pattern-background has-mask-background nonhundred-percent-fullwidth non-hundred-percent-height-scrolling\" style=\"--awb-border-radius-top-left:0px;--awb-border-radius-top-right:0px;--awb-border-radius-bottom-right:0px;--awb-border-radius-bottom-left:0px;--awb-flex-wrap:wrap;\" ><div class=\"fusion-builder-row fusion-row fusion-flex-align-items-flex-start fusion-flex-justify-content-center fusion-flex-content-wrap\" style=\"max-width:1468.8px;margin-left: calc(-2% \/ 2 );margin-right: calc(-2% \/ 2 );\"><div class=\"fusion-layout-column fusion_builder_column fusion-builder-column-0 fusion_builder_column_2_3 2_3 fusion-flex-column\" style=\"--awb-bg-size:cover;--awb-width-large:66.666666666667%;--awb-margin-top-large:0px;--awb-spacing-right-large:1.47%;--awb-margin-bottom-large:20px;--awb-spacing-left-large:1.47%;--awb-width-medium:66.666666666667%;--awb-order-medium:0;--awb-spacing-right-medium:1.47%;--awb-spacing-left-medium:1.47%;--awb-width-small:100%;--awb-order-small:0;--awb-spacing-right-small:0.98%;--awb-spacing-left-small:0.98%;\"><div class=\"fusion-column-wrapper fusion-column-has-shadow fusion-flex-justify-content-flex-start fusion-content-layout-column\"><div class=\"fusion-text fusion-text-1\"><div class=\"post-content\">\n<p>Eramet Eramine present\u00f3 el s\u00e1bado\u00a0<strong>11 de abril<\/strong>\u00a0los resultados de su \u00faltimo\u00a0<strong>monitoreo ambiental participativo<\/strong>\u00a0en el\u00a0<strong>Centro de Integraci\u00f3n de Santa Rosa de los Pastos Grandes<\/strong>. El monitoreo fue realizado entre el\u00a0<strong>28 y el 30 de octubre de 2025<\/strong>\u00a0en el \u00e1rea de influencia de la operaci\u00f3n de la compa\u00f1\u00eda.<\/p>\n<p>La actividad form\u00f3 parte del enfoque de gesti\u00f3n de Eramet Eramine basado en la\u00a0<strong>transparencia, el di\u00e1logo y la comunicaci\u00f3n abierta<\/strong>, pilares centrales de su manera de operar. La presentaci\u00f3n estuvo a cargo de los equipos de\u00a0<strong>Medio Ambiente<\/strong>,\u00a0<strong>Responsabilidad Social Corporativa<\/strong>\u00a0y\u00a0<strong>Operaciones<\/strong>, y se desarroll\u00f3 en un espacio especialmente pensado para el intercambio con las comunidades locales.<\/p>\n<p>Durante el encuentro, los asistentes pudieron conocer en detalle los resultados del monitoreo, realizar preguntas y plantear inquietudes de manera directa. Como recurso did\u00e1ctico, se incorpor\u00f3 el uso de\u00a0<strong>visores 360\u00b0<\/strong>, que facilitaron la visualizaci\u00f3n de la planta y aportaron una experiencia m\u00e1s interactiva, despertando un marcado inter\u00e9s entre los participantes.<\/p>\n<h2><strong>Un monitoreo participativo y validado por m\u00faltiples actores<\/strong><\/h2>\n<p>El monitoreo ambiental participativo se lleva adelante con la participaci\u00f3n conjunta de la\u00a0<strong>Comunidad Kolla Andina de Santa Rosa de los Pastos Grandes<\/strong>, Eramet Eramine,\u00a0<strong>consultores y laboratorios especializados<\/strong>, y la\u00a0<strong>Autoridad de Aplicaci\u00f3n<\/strong>. Durante todo el proceso, las tomas de muestras se realizan de manera conjunta, permitiendo que todas las partes observen y participen activamente en cada etapa.<\/p>\n<p>La presentaci\u00f3n de los resultados es parte integral de este enfoque, que busca\u00a0<strong>compartir la informaci\u00f3n de manera clara, honesta y transparente<\/strong>, y generar instancias de di\u00e1logo donde los distintos actores puedan expresar sus consultas y recibir respuestas directas por parte de los equipos t\u00e9cnicos.<\/p>\n<h2><strong>Resultados generales del monitoreo<\/strong><\/h2>\n<p>Las evaluaciones realizadas abarcaron los principales componentes ambientales definidos por la normativa vigente:\u00a0<strong>calidad de aire, ruido ambiental, suelos, agua superficial y subterr\u00e1nea, efluentes<\/strong>, as\u00ed como componentes biol\u00f3gicos vinculados a\u00a0<strong>flora, fauna, limnolog\u00eda y microbiolog\u00eda<\/strong>.<\/p>\n<p>De manera general, los resultados indican que:<\/p>\n<ul>\n<li>Las\u00a0<strong>condiciones ambientales se mantienen acordes al entorno natural<\/strong>\u00a0del \u00e1rea.<\/li>\n<li>Los\u00a0<strong>valores registrados se encuentran dentro de los l\u00edmites establecidos por la normativa aplicable<\/strong>\u00a0y los est\u00e1ndares de referencia.<\/li>\n<li>Las\u00a0<strong>variaciones observadas responden a condiciones naturales y estacionales<\/strong>, sin evidencias de impactos significativos asociados a las actividades del proyecto.<\/li>\n<\/ul>\n<p>Durante la presentaci\u00f3n, estos resultados fueron explicados por los equipos t\u00e9cnicos y posteriormente puestos a disposici\u00f3n de las comunidades, en un marco de\u00a0<strong>apertura, escucha y respeto mutuo<\/strong>.<\/p>\n<h2><strong>Transparencia y \u00e9tica como pr\u00e1ctica permanente<\/strong><\/h2>\n<p>Al respecto,\u00a0<strong>Carolina Negre, Head de Sustentabilidad de Eramet Eramine<\/strong>, destac\u00f3:<\/p>\n<blockquote>\n<p>\u201cEn Eramine la comunicaci\u00f3n transparente forma parte de nuestras actividades diarias. Por eso, el equipo de Sustentabilidad, junto con los equipos de Operaciones y Responsabilidad Social, llev\u00f3 adelante esta presentaci\u00f3n. Trabajar con \u00e9tica e integridad son valores esenciales para la compa\u00f1\u00eda, porque lo que se hace importa, pero c\u00f3mo se hace importa mucho m\u00e1s\u201d.<\/p>\n<\/blockquote>\n<p>Eramet Eramine continuar\u00e1 impulsando estos espacios de encuentro y di\u00e1logo, convencida de que\u00a0<strong>compartir informaci\u00f3n de manera abierta y generar conversaciones honestas<\/strong>\u00a0es una parte central de su manera de operar y de su v\u00ednculo con las comunidades del entorno.<\/p>\n<\/div>\n<div class=\"fusion-meta-info\"><\/div>\n<\/div><\/div><\/div><\/div><\/div>\n","protected":false},"excerpt":{"rendered":"","protected":false},"author":4,"featured_media":53586,"comment_status":"open","ping_status":"open","sticky":false,"template":"","format":"standard","meta":{"footnotes":""},"categories":[2],"tags":[76,92,81],"class_list":["post-53585","post","type-post","status-publish","format-standard","has-post-thumbnail","hentry","category-media-es","tag-compromisos","tag-comunidades","tag-medio-ambiente","nature-noticias"],"yoast_head":"<!-- This site is optimized with the Yoast SEO plugin v26.8 - https:\/\/yoast.com\/product\/yoast-seo-wordpress\/ -->\n<title>Eramet Eramine present\u00f3 los resultados del monitoreo ambiental participativo en Santa Rosa de los Pastos Grandes - Eramet Eramine<\/title>\n<meta name=\"robots\" content=\"index, follow, max-snippet:-1, max-image-preview:large, max-video-preview:-1\" \/>\n<link rel=\"canonical\" href=\"https:\/\/eramine.eramet.com\/es\/media-es\/eramet-eramine-presento-los-resultados-del-monitoreo-ambiental-participativo-en-santa-rosa-de-los-pastos-grandes\/\" \/>\n<meta property=\"og:locale\" content=\"es_ES\" \/>\n<meta property=\"og:type\" content=\"article\" \/>\n<meta property=\"og:title\" content=\"Eramet Eramine present\u00f3 los resultados del monitoreo ambiental participativo en Santa Rosa de los Pastos Grandes - Eramet Eramine\" \/>\n<meta property=\"og:url\" content=\"https:\/\/eramine.eramet.com\/es\/media-es\/eramet-eramine-presento-los-resultados-del-monitoreo-ambiental-participativo-en-santa-rosa-de-los-pastos-grandes\/\" \/>\n<meta property=\"og:site_name\" content=\"Eramet Eramine\" \/>\n<meta property=\"article:published_time\" content=\"2026-04-15T15:00:29+00:00\" \/>\n<meta property=\"article:modified_time\" content=\"2026-04-21T08:41:54+00:00\" \/>\n<meta property=\"og:image\" content=\"https:\/\/eramine.eramet.com\/wp-content\/uploads\/sites\/23\/2026\/04\/2026-04-15-Eramine-Participatory-Environmental-Monitoring-1.jpg\" \/>\n\t<meta property=\"og:image:width\" content=\"600\" \/>\n\t<meta property=\"og:image:height\" content=\"338\" \/>\n\t<meta property=\"og:image:type\" content=\"image\/jpeg\" \/>\n<meta name=\"author\" content=\"Webmaster Eramet\" \/>\n<meta name=\"twitter:card\" content=\"summary_large_image\" \/>\n<meta name=\"twitter:label1\" content=\"Escrito por\" \/>\n\t<meta name=\"twitter:data1\" content=\"Webmaster Eramet\" \/>\n\t<meta name=\"twitter:label2\" content=\"Tiempo de lectura\" \/>\n\t<meta name=\"twitter:data2\" content=\"3 minutos\" \/>\n<script type=\"application\/ld+json\" class=\"yoast-schema-graph\">{\"@context\":\"https:\/\/schema.org\",\"@graph\":[{\"@type\":\"Article\",\"@id\":\"https:\/\/eramine.eramet.com\/es\/media-es\/eramet-eramine-presento-los-resultados-del-monitoreo-ambiental-participativo-en-santa-rosa-de-los-pastos-grandes\/#article\",\"isPartOf\":{\"@id\":\"https:\/\/eramine.eramet.com\/es\/media-es\/eramet-eramine-presento-los-resultados-del-monitoreo-ambiental-participativo-en-santa-rosa-de-los-pastos-grandes\/\"},\"author\":{\"name\":\"Webmaster Eramet\",\"@id\":\"https:\/\/eramine.eramet.com\/es\/#\/schema\/person\/22362891f603aee5700eb295a758390c\"},\"headline\":\"Eramet Eramine present\u00f3 los resultados del monitoreo ambiental participativo en Santa Rosa de los Pastos Grandes\",\"datePublished\":\"2026-04-15T15:00:29+00:00\",\"dateModified\":\"2026-04-21T08:41:54+00:00\",\"mainEntityOfPage\":{\"@id\":\"https:\/\/eramine.eramet.com\/es\/media-es\/eramet-eramine-presento-los-resultados-del-monitoreo-ambiental-participativo-en-santa-rosa-de-los-pastos-grandes\/\"},\"wordCount\":1591,\"commentCount\":0,\"image\":{\"@id\":\"https:\/\/eramine.eramet.com\/es\/media-es\/eramet-eramine-presento-los-resultados-del-monitoreo-ambiental-participativo-en-santa-rosa-de-los-pastos-grandes\/#primaryimage\"},\"thumbnailUrl\":\"https:\/\/eramine.eramet.com\/wp-content\/uploads\/sites\/23\/2026\/04\/2026-04-15-Eramine-Participatory-Environmental-Monitoring-1.jpg\",\"keywords\":[\"Compromisos\",\"Comunidades\",\"Medio ambiente\"],\"articleSection\":[\"Media\"],\"inLanguage\":\"es\",\"potentialAction\":[{\"@type\":\"CommentAction\",\"name\":\"Comment\",\"target\":[\"https:\/\/eramine.eramet.com\/es\/media-es\/eramet-eramine-presento-los-resultados-del-monitoreo-ambiental-participativo-en-santa-rosa-de-los-pastos-grandes\/#respond\"]}]},{\"@type\":\"WebPage\",\"@id\":\"https:\/\/eramine.eramet.com\/es\/media-es\/eramet-eramine-presento-los-resultados-del-monitoreo-ambiental-participativo-en-santa-rosa-de-los-pastos-grandes\/\",\"url\":\"https:\/\/eramine.eramet.com\/es\/media-es\/eramet-eramine-presento-los-resultados-del-monitoreo-ambiental-participativo-en-santa-rosa-de-los-pastos-grandes\/\",\"name\":\"Eramet Eramine present\u00f3 los resultados del monitoreo ambiental participativo en Santa Rosa de los Pastos Grandes - Eramet Eramine\",\"isPartOf\":{\"@id\":\"https:\/\/eramine.eramet.com\/es\/#website\"},\"primaryImageOfPage\":{\"@id\":\"https:\/\/eramine.eramet.com\/es\/media-es\/eramet-eramine-presento-los-resultados-del-monitoreo-ambiental-participativo-en-santa-rosa-de-los-pastos-grandes\/#primaryimage\"},\"image\":{\"@id\":\"https:\/\/eramine.eramet.com\/es\/media-es\/eramet-eramine-presento-los-resultados-del-monitoreo-ambiental-participativo-en-santa-rosa-de-los-pastos-grandes\/#primaryimage\"},\"thumbnailUrl\":\"https:\/\/eramine.eramet.com\/wp-content\/uploads\/sites\/23\/2026\/04\/2026-04-15-Eramine-Participatory-Environmental-Monitoring-1.jpg\",\"datePublished\":\"2026-04-15T15:00:29+00:00\",\"dateModified\":\"2026-04-21T08:41:54+00:00\",\"author\":{\"@id\":\"https:\/\/eramine.eramet.com\/es\/#\/schema\/person\/22362891f603aee5700eb295a758390c\"},\"breadcrumb\":{\"@id\":\"https:\/\/eramine.eramet.com\/es\/media-es\/eramet-eramine-presento-los-resultados-del-monitoreo-ambiental-participativo-en-santa-rosa-de-los-pastos-grandes\/#breadcrumb\"},\"inLanguage\":\"es\",\"potentialAction\":[{\"@type\":\"ReadAction\",\"target\":[\"https:\/\/eramine.eramet.com\/es\/media-es\/eramet-eramine-presento-los-resultados-del-monitoreo-ambiental-participativo-en-santa-rosa-de-los-pastos-grandes\/\"]}]},{\"@type\":\"ImageObject\",\"inLanguage\":\"es\",\"@id\":\"https:\/\/eramine.eramet.com\/es\/media-es\/eramet-eramine-presento-los-resultados-del-monitoreo-ambiental-participativo-en-santa-rosa-de-los-pastos-grandes\/#primaryimage\",\"url\":\"https:\/\/eramine.eramet.com\/wp-content\/uploads\/sites\/23\/2026\/04\/2026-04-15-Eramine-Participatory-Environmental-Monitoring-1.jpg\",\"contentUrl\":\"https:\/\/eramine.eramet.com\/wp-content\/uploads\/sites\/23\/2026\/04\/2026-04-15-Eramine-Participatory-Environmental-Monitoring-1.jpg\",\"width\":600,\"height\":338},{\"@type\":\"BreadcrumbList\",\"@id\":\"https:\/\/eramine.eramet.com\/es\/media-es\/eramet-eramine-presento-los-resultados-del-monitoreo-ambiental-participativo-en-santa-rosa-de-los-pastos-grandes\/#breadcrumb\",\"itemListElement\":[{\"@type\":\"ListItem\",\"position\":1,\"name\":\"Home\",\"item\":\"https:\/\/eramine.eramet.com\/es\/\"},{\"@type\":\"ListItem\",\"position\":2,\"name\":\"Eramet Eramine present\u00f3 los resultados del monitoreo ambiental participativo en Santa Rosa de los Pastos Grandes\"}]},{\"@type\":\"WebSite\",\"@id\":\"https:\/\/eramine.eramet.com\/es\/#website\",\"url\":\"https:\/\/eramine.eramet.com\/es\/\",\"name\":\"Eramet Eramine\",\"description\":\"\",\"potentialAction\":[{\"@type\":\"SearchAction\",\"target\":{\"@type\":\"EntryPoint\",\"urlTemplate\":\"https:\/\/eramine.eramet.com\/es\/?s={search_term_string}\"},\"query-input\":{\"@type\":\"PropertyValueSpecification\",\"valueRequired\":true,\"valueName\":\"search_term_string\"}}],\"inLanguage\":\"es\"},{\"@type\":\"Person\",\"@id\":\"https:\/\/eramine.eramet.com\/es\/#\/schema\/person\/22362891f603aee5700eb295a758390c\",\"name\":\"Webmaster Eramet\",\"image\":{\"@type\":\"ImageObject\",\"inLanguage\":\"es\",\"@id\":\"https:\/\/eramine.eramet.com\/es\/#\/schema\/person\/image\/\",\"url\":\"https:\/\/secure.gravatar.com\/avatar\/11c9a87d42fae672200b0767deab3c0d?s=96&d=mm&r=g\",\"contentUrl\":\"https:\/\/secure.gravatar.com\/avatar\/11c9a87d42fae672200b0767deab3c0d?s=96&d=mm&r=g\",\"caption\":\"Webmaster Eramet\"},\"sameAs\":[\"http:\/\/eramet.com\"],\"url\":\"https:\/\/eramine.eramet.com\/es\/author\/eramet\/\"}]}<\/script>\n<!-- \/ Yoast SEO plugin. -->","yoast_head_json":{"title":"Eramet Eramine present\u00f3 los resultados del monitoreo ambiental participativo en Santa Rosa de los Pastos Grandes - Eramet Eramine","robots":{"index":"index","follow":"follow","max-snippet":"max-snippet:-1","max-image-preview":"max-image-preview:large","max-video-preview":"max-video-preview:-1"},"canonical":"https:\/\/eramine.eramet.com\/es\/media-es\/eramet-eramine-presento-los-resultados-del-monitoreo-ambiental-participativo-en-santa-rosa-de-los-pastos-grandes\/","og_locale":"es_ES","og_type":"article","og_title":"Eramet Eramine present\u00f3 los resultados del monitoreo ambiental participativo en Santa Rosa de los Pastos Grandes - Eramet Eramine","og_url":"https:\/\/eramine.eramet.com\/es\/media-es\/eramet-eramine-presento-los-resultados-del-monitoreo-ambiental-participativo-en-santa-rosa-de-los-pastos-grandes\/","og_site_name":"Eramet Eramine","article_published_time":"2026-04-15T15:00:29+00:00","article_modified_time":"2026-04-21T08:41:54+00:00","og_image":[{"width":600,"height":338,"url":"https:\/\/eramine.eramet.com\/wp-content\/uploads\/sites\/23\/2026\/04\/2026-04-15-Eramine-Participatory-Environmental-Monitoring-1.jpg","type":"image\/jpeg"}],"author":"Webmaster Eramet","twitter_card":"summary_large_image","twitter_misc":{"Escrito por":"Webmaster Eramet","Tiempo de lectura":"3 minutos"},"schema":{"@context":"https:\/\/schema.org","@graph":[{"@type":"Article","@id":"https:\/\/eramine.eramet.com\/es\/media-es\/eramet-eramine-presento-los-resultados-del-monitoreo-ambiental-participativo-en-santa-rosa-de-los-pastos-grandes\/#article","isPartOf":{"@id":"https:\/\/eramine.eramet.com\/es\/media-es\/eramet-eramine-presento-los-resultados-del-monitoreo-ambiental-participativo-en-santa-rosa-de-los-pastos-grandes\/"},"author":{"name":"Webmaster Eramet","@id":"https:\/\/eramine.eramet.com\/es\/#\/schema\/person\/22362891f603aee5700eb295a758390c"},"headline":"Eramet Eramine present\u00f3 los resultados del monitoreo ambiental participativo en Santa Rosa de los Pastos Grandes","datePublished":"2026-04-15T15:00:29+00:00","dateModified":"2026-04-21T08:41:54+00:00","mainEntityOfPage":{"@id":"https:\/\/eramine.eramet.com\/es\/media-es\/eramet-eramine-presento-los-resultados-del-monitoreo-ambiental-participativo-en-santa-rosa-de-los-pastos-grandes\/"},"wordCount":1591,"commentCount":0,"image":{"@id":"https:\/\/eramine.eramet.com\/es\/media-es\/eramet-eramine-presento-los-resultados-del-monitoreo-ambiental-participativo-en-santa-rosa-de-los-pastos-grandes\/#primaryimage"},"thumbnailUrl":"https:\/\/eramine.eramet.com\/wp-content\/uploads\/sites\/23\/2026\/04\/2026-04-15-Eramine-Participatory-Environmental-Monitoring-1.jpg","keywords":["Compromisos","Comunidades","Medio ambiente"],"articleSection":["Media"],"inLanguage":"es","potentialAction":[{"@type":"CommentAction","name":"Comment","target":["https:\/\/eramine.eramet.com\/es\/media-es\/eramet-eramine-presento-los-resultados-del-monitoreo-ambiental-participativo-en-santa-rosa-de-los-pastos-grandes\/#respond"]}]},{"@type":"WebPage","@id":"https:\/\/eramine.eramet.com\/es\/media-es\/eramet-eramine-presento-los-resultados-del-monitoreo-ambiental-participativo-en-santa-rosa-de-los-pastos-grandes\/","url":"https:\/\/eramine.eramet.com\/es\/media-es\/eramet-eramine-presento-los-resultados-del-monitoreo-ambiental-participativo-en-santa-rosa-de-los-pastos-grandes\/","name":"Eramet Eramine present\u00f3 los resultados del monitoreo ambiental participativo en Santa Rosa de los Pastos Grandes - Eramet Eramine","isPartOf":{"@id":"https:\/\/eramine.eramet.com\/es\/#website"},"primaryImageOfPage":{"@id":"https:\/\/eramine.eramet.com\/es\/media-es\/eramet-eramine-presento-los-resultados-del-monitoreo-ambiental-participativo-en-santa-rosa-de-los-pastos-grandes\/#primaryimage"},"image":{"@id":"https:\/\/eramine.eramet.com\/es\/media-es\/eramet-eramine-presento-los-resultados-del-monitoreo-ambiental-participativo-en-santa-rosa-de-los-pastos-grandes\/#primaryimage"},"thumbnailUrl":"https:\/\/eramine.eramet.com\/wp-content\/uploads\/sites\/23\/2026\/04\/2026-04-15-Eramine-Participatory-Environmental-Monitoring-1.jpg","datePublished":"2026-04-15T15:00:29+00:00","dateModified":"2026-04-21T08:41:54+00:00","author":{"@id":"https:\/\/eramine.eramet.com\/es\/#\/schema\/person\/22362891f603aee5700eb295a758390c"},"breadcrumb":{"@id":"https:\/\/eramine.eramet.com\/es\/media-es\/eramet-eramine-presento-los-resultados-del-monitoreo-ambiental-participativo-en-santa-rosa-de-los-pastos-grandes\/#breadcrumb"},"inLanguage":"es","potentialAction":[{"@type":"ReadAction","target":["https:\/\/eramine.eramet.com\/es\/media-es\/eramet-eramine-presento-los-resultados-del-monitoreo-ambiental-participativo-en-santa-rosa-de-los-pastos-grandes\/"]}]},{"@type":"ImageObject","inLanguage":"es","@id":"https:\/\/eramine.eramet.com\/es\/media-es\/eramet-eramine-presento-los-resultados-del-monitoreo-ambiental-participativo-en-santa-rosa-de-los-pastos-grandes\/#primaryimage","url":"https:\/\/eramine.eramet.com\/wp-content\/uploads\/sites\/23\/2026\/04\/2026-04-15-Eramine-Participatory-Environmental-Monitoring-1.jpg","contentUrl":"https:\/\/eramine.eramet.com\/wp-content\/uploads\/sites\/23\/2026\/04\/2026-04-15-Eramine-Participatory-Environmental-Monitoring-1.jpg","width":600,"height":338},{"@type":"BreadcrumbList","@id":"https:\/\/eramine.eramet.com\/es\/media-es\/eramet-eramine-presento-los-resultados-del-monitoreo-ambiental-participativo-en-santa-rosa-de-los-pastos-grandes\/#breadcrumb","itemListElement":[{"@type":"ListItem","position":1,"name":"Home","item":"https:\/\/eramine.eramet.com\/es\/"},{"@type":"ListItem","position":2,"name":"Eramet Eramine present\u00f3 los resultados del monitoreo ambiental participativo en Santa Rosa de los Pastos Grandes"}]},{"@type":"WebSite","@id":"https:\/\/eramine.eramet.com\/es\/#website","url":"https:\/\/eramine.eramet.com\/es\/","name":"Eramet Eramine","description":"","potentialAction":[{"@type":"SearchAction","target":{"@type":"EntryPoint","urlTemplate":"https:\/\/eramine.eramet.com\/es\/?s={search_term_string}"},"query-input":{"@type":"PropertyValueSpecification","valueRequired":true,"valueName":"search_term_string"}}],"inLanguage":"es"},{"@type":"Person","@id":"https:\/\/eramine.eramet.com\/es\/#\/schema\/person\/22362891f603aee5700eb295a758390c","name":"Webmaster Eramet","image":{"@type":"ImageObject","inLanguage":"es","@id":"https:\/\/eramine.eramet.com\/es\/#\/schema\/person\/image\/","url":"https:\/\/secure.gravatar.com\/avatar\/11c9a87d42fae672200b0767deab3c0d?s=96&d=mm&r=g","contentUrl":"https:\/\/secure.gravatar.com\/avatar\/11c9a87d42fae672200b0767deab3c0d?s=96&d=mm&r=g","caption":"Webmaster Eramet"},"sameAs":["http:\/\/eramet.com"],"url":"https:\/\/eramine.eramet.com\/es\/author\/eramet\/"}]}},"acf":[],"_links":{"self":[{"href":"https:\/\/eramine.eramet.com\/es\/wp-json\/wp\/v2\/posts\/53585","targetHints":{"allow":["GET"]}}],"collection":[{"href":"https:\/\/eramine.eramet.com\/es\/wp-json\/wp\/v2\/posts"}],"about":[{"href":"https:\/\/eramine.eramet.com\/es\/wp-json\/wp\/v2\/types\/post"}],"author":[{"embeddable":true,"href":"https:\/\/eramine.eramet.com\/es\/wp-json\/wp\/v2\/users\/4"}],"replies":[{"embeddable":true,"href":"https:\/\/eramine.eramet.com\/es\/wp-json\/wp\/v2\/comments?post=53585"}],"version-history":[{"count":1,"href":"https:\/\/eramine.eramet.com\/es\/wp-json\/wp\/v2\/posts\/53585\/revisions"}],"predecessor-version":[{"id":53590,"href":"https:\/\/eramine.eramet.com\/es\/wp-json\/wp\/v2\/posts\/53585\/revisions\/53590"}],"wp:featuredmedia":[{"embeddable":true,"href":"https:\/\/eramine.eramet.com\/es\/wp-json\/wp\/v2\/media\/53586"}],"wp:attachment":[{"href":"https:\/\/eramine.eramet.com\/es\/wp-json\/wp\/v2\/media?parent=53585"}],"wp:term":[{"taxonomy":"category","embeddable":true,"href":"https:\/\/eramine.eramet.com\/es\/wp-json\/wp\/v2\/categories?post=53585"},{"taxonomy":"post_tag","embeddable":true,"href":"https:\/\/eramine.eramet.com\/es\/wp-json\/wp\/v2\/tags?post=53585"}],"curies":[{"name":"wp","href":"https:\/\/api.w.org\/{rel}","templated":true}]}}